{"id":59230,"date":"2025-10-04T11:55:14","date_gmt":"2025-10-04T08:55:14","guid":{"rendered":"https:\/\/www.egemtv.com\/?p=59230"},"modified":"2025-10-04T11:55:15","modified_gmt":"2025-10-04T08:55:15","slug":"rektor-kiziltoprak-gazetecilik-gercegi-arama-sanatidir","status":"publish","type":"post","link":"https:\/\/www.egemtv.com\/?p=59230","title":{"rendered":"Rekt\u00f6r K\u0131z\u0131ltoprak: &#8220;Gazetecilik, ger\u00e7e\u011fi arama sanat\u0131d\u0131r&#8221;"},"content":{"rendered":"<p>K\u00fctahya Dumlup\u0131nar \u00dcniversitesi (DP\u00dc) Rekt\u00f6r\u00fc Prof. Dr. S\u00fcleyman K\u0131z\u0131ltoprak, bas\u0131n mensuplar\u0131yla bir araya geldi\u011fi programda gazetecili\u011fin toplum i\u00e7in ta\u015f\u0131d\u0131\u011f\u0131 \u00f6neme dikkat \u00e7ekti.<br \/>\n<br \/>Rekt\u00f6r K\u0131z\u0131ltoprak konu\u015fmas\u0131nda, gazetecili\u011fin sadece bir meslek de\u011fil ayn\u0131 zamanda bir kamu hizmeti oldu\u011funu belirterek, &#8220;Sizler kaleminizle, kameran\u0131zla, mikrofonunuzla bu \u015fehrin nabz\u0131n\u0131 tutan, ger\u00e7e\u011fin sesi olan kahramanlars\u0131n\u0131z&#8221; ifadelerini kulland\u0131.<br \/>\n<br \/>K\u00fctahya\u2019n\u0131n k\u00f6kl\u00fc tarihine de\u011finen K\u0131z\u0131ltoprak, Aizanoi Antik Kenti\u2019nden Dumlup\u0131nar Zaferi\u2019ne, Germiyan k\u00fclt\u00fcr\u00fcnden \u00e7ini ve seramik at\u00f6lyelerine kadar her k\u00f6\u015fesinde ayr\u0131 bir hik\u00e2ye bar\u0131nd\u0131ran kentin, gazeteciler sayesinde T\u00fcrkiye\u2019ye ve d\u00fcnyaya tan\u0131t\u0131ld\u0131\u011f\u0131n\u0131 s\u00f6yledi.<br \/>\n<br \/>Yerel bas\u0131n\u0131n, yaln\u0131zca \u015feffafl\u0131k ve do\u011fru bilgilendirme g\u00f6revini de\u011fil, ayn\u0131 zamanda kentin sosyal ve ekonomik kalk\u0131nmas\u0131na da katk\u0131 sundu\u011funu ifade eden Rekt\u00f6r K\u0131z\u0131ltoprak, Bir termal turizm haberi bir b\u00f6lgenin gelece\u011fini de\u011fi\u015ftirebilir, \u00e7inicilik \u00fczerine yap\u0131lan bir haber bir at\u00f6lyeyi d\u00fcnya sahnesine ta\u015f\u0131yabilir. Sizler demokrasinin bek\u00e7ilerisiniz. \u00d6zg\u00fcr bas\u0131n, bir toplumun nefes borusudur. Sevgili meslekta\u015flar\u0131m, K\u00fctahya\u2019n\u0131n hik\u00e2yesini yazmaya devam edin. Bu \u015fehrin \u00e7inisini, termalini, tarihini, gen\u00e7lerini g\u00f6r\u00fcn\u00fcr k\u0131l\u0131n. Sizler sadece birer gazeteci de\u011fil, bu topraklar\u0131n haf\u0131zas\u0131n\u0131 yazan tarih\u00e7iler, gelece\u011fini in\u015fa eden mimarlars\u0131n\u0131z&#8221; dedi.<br \/><\/p>\n","protected":false},"excerpt":{"rendered":"<p>K\u00fctahya Dumlup\u0131nar \u00dcniversitesi (DP\u00dc) Rekt\u00f6r\u00fc Prof. Dr. S\u00fcleyman K\u0131z\u0131ltoprak, bas\u0131n mensuplar\u0131yla bir araya geldi\u011fi programda gazetecili\u011fin toplum i\u00e7in ta\u015f\u0131d\u0131\u011f\u0131 \u00f6neme dikkat \u00e7ekti. Rekt\u00f6r K\u0131z\u0131ltoprak konu\u015fmas\u0131nda, gazetecili\u011fin sadece bir meslek de\u011fil ayn\u0131 zamanda bir kamu hizmeti oldu\u011funu belirterek, &#8220;Sizler kaleminizle, kameran\u0131zla, mikrofonunuzla bu \u015fehrin nabz\u0131n\u0131 tutan, ger\u00e7e\u011fin sesi olan kahramanlars\u0131n\u0131z&#8221; ifadelerini kulland\u0131. K\u00fctahya\u2019n\u0131n k\u00f6kl\u00fc tarihine de\u011finen&#8230;<\/p>\n","protected":false},"author":1,"featured_media":59231,"comment_status":"open","ping_status":"open","sticky":false,"template":"","format":"standard","meta":{"_crdt_document":"","footnotes":""},"categories":[123],"tags":[],"class_list":["post-59230","post","type-post","status-publish","format-standard","has-post-thumbnail","hentry","category-gundem"],"_links":{"self":[{"href":"https:\/\/www.egemtv.com\/index.php?rest_route=\/wp\/v2\/posts\/59230","targetHints":{"allow":["GET"]}}],"collection":[{"href":"https:\/\/www.egemtv.com\/index.php?rest_route=\/wp\/v2\/posts"}],"about":[{"href":"https:\/\/www.egemtv.com\/index.php?rest_route=\/wp\/v2\/types\/post"}],"author":[{"embeddable":true,"href":"https:\/\/www.egemtv.com\/index.php?rest_route=\/wp\/v2\/users\/1"}],"replies":[{"embeddable":true,"href":"https:\/\/www.egemtv.com\/index.php?rest_route=%2Fwp%2Fv2%2Fcomments&post=59230"}],"version-history":[{"count":1,"href":"https:\/\/www.egemtv.com\/index.php?rest_route=\/wp\/v2\/posts\/59230\/revisions"}],"predecessor-version":[{"id":59232,"href":"https:\/\/www.egemtv.com\/index.php?rest_route=\/wp\/v2\/posts\/59230\/revisions\/59232"}],"wp:featuredmedia":[{"embeddable":true,"href":"https:\/\/www.egemtv.com\/index.php?rest_route=\/wp\/v2\/media\/59231"}],"wp:attachment":[{"href":"https:\/\/www.egemtv.com\/index.php?rest_route=%2Fwp%2Fv2%2Fmedia&parent=59230"}],"wp:term":[{"taxonomy":"category","embeddable":true,"href":"https:\/\/www.egemtv.com\/index.php?rest_route=%2Fwp%2Fv2%2Fcategories&post=59230"},{"taxonomy":"post_tag","embeddable":true,"href":"https:\/\/www.egemtv.com\/index.php?rest_route=%2Fwp%2Fv2%2Ftags&post=59230"}],"curies":[{"name":"wp","href":"https:\/\/api.w.org\/{rel}","templated":true}]}}