{"id":59227,"date":"2025-10-04T11:55:08","date_gmt":"2025-10-04T08:55:08","guid":{"rendered":"https:\/\/www.egemtv.com\/?p=59227"},"modified":"2025-10-04T11:55:10","modified_gmt":"2025-10-04T08:55:10","slug":"is-makinesiyle-define-arayan-sahislari-jandarma-yakaladi","status":"publish","type":"post","link":"https:\/\/www.egemtv.com\/?p=59227","title":{"rendered":"\u0130\u015f makinesiyle define arayan \u015fah\u0131slar\u0131 jandarma yakalad\u0131"},"content":{"rendered":"<p>K\u00fctahya\u2019n\u0131n Gediz il\u00e7esinde jandarman\u0131n izinsiz kaz\u0131 yapan \u015fah\u0131slara y\u00f6nelik ger\u00e7ekle\u015ftirdi\u011fi operasyonda 2 \u015f\u00fcpheli g\u00f6zalt\u0131na al\u0131nd\u0131.<br \/>\n<br \/>Edinilen bilgilere g\u00f6re, jandarma ekipleri Gediz il\u00e7esi Muhipler Mahallesinde izinsiz kaz\u0131 yapan \u015fah\u0131slara y\u00f6nelik operasyon yapt\u0131. Operasyonda 1 adet i\u015f makinesi, 4 adet k\u00fcrek, 1 adet kazma, 1 adet balyoz ve 2 adet in\u015faat malzemesi ele ge\u00e7irildi.<br \/>\n<br \/>Olayla ba\u011flant\u0131s\u0131 oldu\u011fu tespit edilen 2 \u015f\u00fcpheli hakk\u0131nda adli makamlarca soru\u015fturma ba\u015flat\u0131ld\u0131.<br \/><\/p>\n","protected":false},"excerpt":{"rendered":"<p>K\u00fctahya\u2019n\u0131n Gediz il\u00e7esinde jandarman\u0131n izinsiz kaz\u0131 yapan \u015fah\u0131slara y\u00f6nelik ger\u00e7ekle\u015ftirdi\u011fi operasyonda 2 \u015f\u00fcpheli g\u00f6zalt\u0131na al\u0131nd\u0131. Edinilen bilgilere g\u00f6re, jandarma ekipleri Gediz il\u00e7esi Muhipler Mahallesinde izinsiz kaz\u0131 yapan \u015fah\u0131slara y\u00f6nelik operasyon yapt\u0131. Operasyonda 1 adet i\u015f makinesi, 4 adet k\u00fcrek, 1 adet kazma, 1 adet balyoz ve 2 adet in\u015faat malzemesi ele ge\u00e7irildi. Olayla ba\u011flant\u0131s\u0131 oldu\u011fu&#8230;<\/p>\n","protected":false},"author":1,"featured_media":59228,"comment_status":"open","ping_status":"open","sticky":false,"template":"","format":"standard","meta":{"_crdt_document":"","footnotes":""},"categories":[5],"tags":[],"class_list":["post-59227","post","type-post","status-publish","format-standard","has-post-thumbnail","hentry","category-asayis"],"_links":{"self":[{"href":"https:\/\/www.egemtv.com\/index.php?rest_route=\/wp\/v2\/posts\/59227","targetHints":{"allow":["GET"]}}],"collection":[{"href":"https:\/\/www.egemtv.com\/index.php?rest_route=\/wp\/v2\/posts"}],"about":[{"href":"https:\/\/www.egemtv.com\/index.php?rest_route=\/wp\/v2\/types\/post"}],"author":[{"embeddable":true,"href":"https:\/\/www.egemtv.com\/index.php?rest_route=\/wp\/v2\/users\/1"}],"replies":[{"embeddable":true,"href":"https:\/\/www.egemtv.com\/index.php?rest_route=%2Fwp%2Fv2%2Fcomments&post=59227"}],"version-history":[{"count":1,"href":"https:\/\/www.egemtv.com\/index.php?rest_route=\/wp\/v2\/posts\/59227\/revisions"}],"predecessor-version":[{"id":59229,"href":"https:\/\/www.egemtv.com\/index.php?rest_route=\/wp\/v2\/posts\/59227\/revisions\/59229"}],"wp:featuredmedia":[{"embeddable":true,"href":"https:\/\/www.egemtv.com\/index.php?rest_route=\/wp\/v2\/media\/59228"}],"wp:attachment":[{"href":"https:\/\/www.egemtv.com\/index.php?rest_route=%2Fwp%2Fv2%2Fmedia&parent=59227"}],"wp:term":[{"taxonomy":"category","embeddable":true,"href":"https:\/\/www.egemtv.com\/index.php?rest_route=%2Fwp%2Fv2%2Fcategories&post=59227"},{"taxonomy":"post_tag","embeddable":true,"href":"https:\/\/www.egemtv.com\/index.php?rest_route=%2Fwp%2Fv2%2Ftags&post=59227"}],"curies":[{"name":"wp","href":"https:\/\/api.w.org\/{rel}","templated":true}]}}