{"id":59224,"date":"2025-10-04T11:55:00","date_gmt":"2025-10-04T08:55:00","guid":{"rendered":"https:\/\/www.egemtv.com\/?p=59224"},"modified":"2025-10-04T11:55:05","modified_gmt":"2025-10-04T08:55:05","slug":"altin-kramponlar-polonyadan-ucunculukle-dondu","status":"publish","type":"post","link":"https:\/\/www.egemtv.com\/?p=59224","title":{"rendered":"Alt\u0131n Kramponlar Polonya\u2019dan \u00fc\u00e7\u00fcnc\u00fcl\u00fckle d\u00f6nd\u00fc"},"content":{"rendered":"<p>Ayd\u0131n Aile ve Sosyal Hizmetler \u0130l M\u00fcd\u00fcrl\u00fc\u011f\u00fc\u2019ne ba\u011fl\u0131 devlet himayesindeki \u00e7ocuklardan olu\u015fan futbol tak\u0131m\u0131, Polonya\u2019da d\u00fczenlenen Hope For Mundial 10. D\u00fcnya Kupas\u0131\u2019nda 26 \u00fclke aras\u0131ndan \u00fc\u00e7\u00fcnc\u00fc olarak b\u00fcy\u00fck bir ba\u015far\u0131ya imza att\u0131.<br \/>\n<br \/>Polonya\u2019n\u0131n ba\u015fkenti Var\u015fova\u2019da 26-30 Haziran tarihleri aras\u0131nda d\u00fczenlenen Hope For Mundial Bak\u0131m Evleri 10. D\u00fcnya Kupas\u0131\u2019nda, Ayd\u0131n Aile ve Sosyal Hizmetler \u0130l M\u00fcd\u00fcrl\u00fc\u011f\u00fc b\u00fcnyesindeki \u00e7ocuklardan olu\u015fan karma futbol tak\u0131m\u0131 T\u00fcrkiye\u2019yi ba\u015far\u0131yla temsil etti. 26 \u00fclke tak\u0131m\u0131n\u0131n m\u00fccadele etti\u011fi turnuvada b\u00fcy\u00fck bir azim ve tak\u0131m ruhu sergileyen gen\u00e7 sporcular, \u00fc\u00e7\u00fcnc\u00fcl\u00fck kupas\u0131n\u0131 \u00fclkemize kazand\u0131rarak \u00f6nemli bir ba\u015far\u0131ya imza att\u0131. Turnuva d\u00f6n\u00fc\u015f\u00fc kupa sevincini payla\u015fan \u00e7ocuklar, kazand\u0131klar\u0131 kupay\u0131 Aile ve Sosyal Hizmetler Bakan\u0131 Mahinur \u00d6zdemir G\u00f6kta\u015f\u2019a takdim etti.<br \/>\n<br \/>Ayd\u0131n Aile ve Sosyal Hizmetler \u0130l M\u00fcd\u00fcrl\u00fc\u011f\u00fc taraf\u0131ndan yap\u0131lan a\u00e7\u0131klamada &#8220;Tebrikler Alt\u0131n Kramponlar. \u0130l M\u00fcd\u00fcrl\u00fc\u011f\u00fcm\u00fcze ba\u011fl\u0131 devlet himayesindeki \u00e7ocuklar\u0131m\u0131zdan olu\u015fan karma futbol tak\u0131m\u0131m\u0131z, Polonya\u2019da d\u00fczenlenen Hope For Mundial Bak\u0131m Evleri 10. D\u00fcnya Kupas\u0131nda 26 \u00fclke aras\u0131ndan 3. olmay\u0131 ba\u015fard\u0131. Var\u015fova\u2019da ger\u00e7ekle\u015fen organizasyonda tak\u0131m\u0131m\u0131z\u0131n elde etti\u011fi bu b\u00fcy\u00fck ba\u015far\u0131, \u00e7ocuklar\u0131m\u0131z\u0131n azmi ve tak\u0131m ruhunun bir g\u00f6stergesidir. Hepinizi kutluyor, ba\u015far\u0131lar\u0131n\u0131n devam\u0131n\u0131 diliyoruz&#8221; ifadeleri yer ald\u0131.<br \/><\/p>\n","protected":false},"excerpt":{"rendered":"<p>Ayd\u0131n Aile ve Sosyal Hizmetler \u0130l M\u00fcd\u00fcrl\u00fc\u011f\u00fc\u2019ne ba\u011fl\u0131 devlet himayesindeki \u00e7ocuklardan olu\u015fan futbol tak\u0131m\u0131, Polonya\u2019da d\u00fczenlenen Hope For Mundial 10. D\u00fcnya Kupas\u0131\u2019nda 26 \u00fclke aras\u0131ndan \u00fc\u00e7\u00fcnc\u00fc olarak b\u00fcy\u00fck bir ba\u015far\u0131ya imza att\u0131. Polonya\u2019n\u0131n ba\u015fkenti Var\u015fova\u2019da 26-30 Haziran tarihleri aras\u0131nda d\u00fczenlenen Hope For Mundial Bak\u0131m Evleri 10. D\u00fcnya Kupas\u0131\u2019nda, Ayd\u0131n Aile ve Sosyal Hizmetler \u0130l M\u00fcd\u00fcrl\u00fc\u011f\u00fc&#8230;<\/p>\n","protected":false},"author":1,"featured_media":59225,"comment_status":"open","ping_status":"open","sticky":false,"template":"","format":"standard","meta":{"_crdt_document":"","footnotes":""},"categories":[4],"tags":[],"class_list":["post-59224","post","type-post","status-publish","format-standard","has-post-thumbnail","hentry","category-spor"],"_links":{"self":[{"href":"https:\/\/www.egemtv.com\/index.php?rest_route=\/wp\/v2\/posts\/59224","targetHints":{"allow":["GET"]}}],"collection":[{"href":"https:\/\/www.egemtv.com\/index.php?rest_route=\/wp\/v2\/posts"}],"about":[{"href":"https:\/\/www.egemtv.com\/index.php?rest_route=\/wp\/v2\/types\/post"}],"author":[{"embeddable":true,"href":"https:\/\/www.egemtv.com\/index.php?rest_route=\/wp\/v2\/users\/1"}],"replies":[{"embeddable":true,"href":"https:\/\/www.egemtv.com\/index.php?rest_route=%2Fwp%2Fv2%2Fcomments&post=59224"}],"version-history":[{"count":1,"href":"https:\/\/www.egemtv.com\/index.php?rest_route=\/wp\/v2\/posts\/59224\/revisions"}],"predecessor-version":[{"id":59226,"href":"https:\/\/www.egemtv.com\/index.php?rest_route=\/wp\/v2\/posts\/59224\/revisions\/59226"}],"wp:featuredmedia":[{"embeddable":true,"href":"https:\/\/www.egemtv.com\/index.php?rest_route=\/wp\/v2\/media\/59225"}],"wp:attachment":[{"href":"https:\/\/www.egemtv.com\/index.php?rest_route=%2Fwp%2Fv2%2Fmedia&parent=59224"}],"wp:term":[{"taxonomy":"category","embeddable":true,"href":"https:\/\/www.egemtv.com\/index.php?rest_route=%2Fwp%2Fv2%2Fcategories&post=59224"},{"taxonomy":"post_tag","embeddable":true,"href":"https:\/\/www.egemtv.com\/index.php?rest_route=%2Fwp%2Fv2%2Ftags&post=59224"}],"curies":[{"name":"wp","href":"https:\/\/api.w.org\/{rel}","templated":true}]}}