{"id":59221,"date":"2025-10-04T11:36:48","date_gmt":"2025-10-04T08:36:48","guid":{"rendered":"https:\/\/www.egemtv.com\/?p=59221"},"modified":"2025-10-04T11:36:56","modified_gmt":"2025-10-04T08:36:56","slug":"emirdagda-lgs-planlama-toplantisi-yapildi","status":"publish","type":"post","link":"https:\/\/www.egemtv.com\/?p=59221","title":{"rendered":"Emirda\u011f\u2019da LGS planlama toplant\u0131s\u0131 yap\u0131ld\u0131"},"content":{"rendered":"<p>Afyonkarahisar Emirda\u011f \u0130l\u00e7e Milli E\u011fitim M\u00fcd\u00fcrl\u00fc\u011f\u00fc\u2019nde LGS haz\u0131rl\u0131klar\u0131 \u00e7er\u00e7evesinde de\u011ferlendirme ve planlama toplant\u0131s\u0131 yap\u0131ld\u0131.<br \/>\n<br \/>Emirda\u011f \u0130l\u00e7e Milli E\u011fitim M\u00fcd\u00fcr\u00fc G\u00fcrkan Emeksiz, \u015eube M\u00fcd\u00fcr\u00fc Ya\u015far Karahan ve il\u00e7edeki ortaokul m\u00fcd\u00fcrlerinin kat\u0131l\u0131m\u0131yla d\u00fczenlenen toplant\u0131da; \u0130l Milli E\u011fitim M\u00fcd\u00fcrl\u00fc\u011f\u00fc \u00d6l\u00e7me De\u011ferlendirme Merkezi taraf\u0131ndan haz\u0131rlanan \u2018il\u00e7e ve kurum raporlar\u0131\u2019 detayl\u0131 \u015fekilde ele al\u0131nd\u0131. Toplant\u0131da 2026 LGS s\u00fcreciyle ilgili strateji ve koordinasyon \u00e7al\u0131\u015fmalar\u0131 planland\u0131. \u0130l\u00e7e genelinde \u00f6\u011frencilerin akademik ba\u015far\u0131lar\u0131n\u0131n art\u0131r\u0131lmas\u0131 ve s\u0131nav \u00f6ncesi desteklerin etkinle\u015ftirilmesi konular\u0131 \u00fczerinde duruldu.<br \/>\n<br \/>Emirda\u011f \u0130l\u00e7e Milli E\u011fitim M\u00fcd\u00fcr\u00fc G\u00fcrkan Emeksiz, &#8220;Toplant\u0131m\u0131z verimli ge\u00e7ti. Raporlar \u00fczerinden analizler yaparak, eksikliklerin giderilmesi i\u00e7in \u00e7\u00f6z\u00fcm \u00f6nerilerini payla\u015ft\u0131k. Toplant\u0131da ayr\u0131ca \u00f6\u011fretmenlerin katk\u0131lar\u0131 ve \u00f6zverili \u00e7al\u0131\u015fmalar\u0131n\u0131 \u00f6ne \u00e7\u0131kard\u0131k.  Planlamalar\u0131n hayata ge\u00e7irilmesi i\u00e7in gerekli takvimi olu\u015fturduk. M\u00fcd\u00fcrlerimiz, \u00f6\u011frencilere y\u00f6nelik rehberlik ve akademik destek programlar\u0131n\u0131n g\u00fc\u00e7lendirilmesi y\u00f6n\u00fcnde fikir al\u0131\u015fveri\u015finde bulundu. E\u011fitim s\u00fcre\u00e7lerinin daha etkin y\u00f6netilmesi i\u00e7in \u00f6neriler kay\u0131t alt\u0131na al\u0131nd\u0131&#8221; dedi.<br \/><\/p>\n","protected":false},"excerpt":{"rendered":"<p>Afyonkarahisar Emirda\u011f \u0130l\u00e7e Milli E\u011fitim M\u00fcd\u00fcrl\u00fc\u011f\u00fc\u2019nde LGS haz\u0131rl\u0131klar\u0131 \u00e7er\u00e7evesinde de\u011ferlendirme ve planlama toplant\u0131s\u0131 yap\u0131ld\u0131. Emirda\u011f \u0130l\u00e7e Milli E\u011fitim M\u00fcd\u00fcr\u00fc G\u00fcrkan Emeksiz, \u015eube M\u00fcd\u00fcr\u00fc Ya\u015far Karahan ve il\u00e7edeki ortaokul m\u00fcd\u00fcrlerinin kat\u0131l\u0131m\u0131yla d\u00fczenlenen toplant\u0131da; \u0130l Milli E\u011fitim M\u00fcd\u00fcrl\u00fc\u011f\u00fc \u00d6l\u00e7me De\u011ferlendirme Merkezi taraf\u0131ndan haz\u0131rlanan \u2018il\u00e7e ve kurum raporlar\u0131\u2019 detayl\u0131 \u015fekilde ele al\u0131nd\u0131. Toplant\u0131da 2026 LGS s\u00fcreciyle ilgili strateji&#8230;<\/p>\n","protected":false},"author":1,"featured_media":59222,"comment_status":"open","ping_status":"open","sticky":false,"template":"","format":"standard","meta":{"_crdt_document":"","footnotes":""},"categories":[1],"tags":[],"class_list":["post-59221","post","type-post","status-publish","format-standard","has-post-thumbnail","hentry","category-guncel"],"_links":{"self":[{"href":"https:\/\/www.egemtv.com\/index.php?rest_route=\/wp\/v2\/posts\/59221","targetHints":{"allow":["GET"]}}],"collection":[{"href":"https:\/\/www.egemtv.com\/index.php?rest_route=\/wp\/v2\/posts"}],"about":[{"href":"https:\/\/www.egemtv.com\/index.php?rest_route=\/wp\/v2\/types\/post"}],"author":[{"embeddable":true,"href":"https:\/\/www.egemtv.com\/index.php?rest_route=\/wp\/v2\/users\/1"}],"replies":[{"embeddable":true,"href":"https:\/\/www.egemtv.com\/index.php?rest_route=%2Fwp%2Fv2%2Fcomments&post=59221"}],"version-history":[{"count":1,"href":"https:\/\/www.egemtv.com\/index.php?rest_route=\/wp\/v2\/posts\/59221\/revisions"}],"predecessor-version":[{"id":59223,"href":"https:\/\/www.egemtv.com\/index.php?rest_route=\/wp\/v2\/posts\/59221\/revisions\/59223"}],"wp:featuredmedia":[{"embeddable":true,"href":"https:\/\/www.egemtv.com\/index.php?rest_route=\/wp\/v2\/media\/59222"}],"wp:attachment":[{"href":"https:\/\/www.egemtv.com\/index.php?rest_route=%2Fwp%2Fv2%2Fmedia&parent=59221"}],"wp:term":[{"taxonomy":"category","embeddable":true,"href":"https:\/\/www.egemtv.com\/index.php?rest_route=%2Fwp%2Fv2%2Fcategories&post=59221"},{"taxonomy":"post_tag","embeddable":true,"href":"https:\/\/www.egemtv.com\/index.php?rest_route=%2Fwp%2Fv2%2Ftags&post=59221"}],"curies":[{"name":"wp","href":"https:\/\/api.w.org\/{rel}","templated":true}]}}