{"id":59218,"date":"2025-10-04T11:14:57","date_gmt":"2025-10-04T08:14:57","guid":{"rendered":"https:\/\/www.egemtv.com\/?p=59218"},"modified":"2025-10-04T11:15:01","modified_gmt":"2025-10-04T08:15:01","slug":"koskte-ciftcilerle-bulusmalar-devam-ediyor","status":"publish","type":"post","link":"https:\/\/www.egemtv.com\/?p=59218","title":{"rendered":"K\u00f6\u015fk\u2019te \u00e7ift\u00e7ilerle bulu\u015fmalar devam ediyor"},"content":{"rendered":"<p>K\u00f6\u015fk \u0130l\u00e7e Tar\u0131m ve Orman M\u00fcd\u00fcrl\u00fc\u011f\u00fc, Cuma Bulu\u015fmalar\u0131 \u00c7ift\u00e7i Toplant\u0131lar\u0131 kapsam\u0131nda Ahatlar, Ko\u00e7ak ve Sar\u0131\u00e7am Mahallelerinde \u00fcreticilerle bir araya gelerek tar\u0131msal destekler, hastal\u0131klarla m\u00fccadele ve verimlilik konular\u0131nda bilgilendirmelerde bulundu.<br \/>\n<br \/>K\u00f6\u015fk \u0130l\u00e7e Tar\u0131m ve Orman M\u00fcd\u00fcrl\u00fc\u011f\u00fc ekipleri, Cuma Bulu\u015fmalar\u0131 \u00c7ift\u00e7i Toplant\u0131lar\u0131 kapsam\u0131nda Ahatlar, Ko\u00e7ak ve Sar\u0131\u00e7am Mahallelerinde \u00fcreticilerle bir araya geldi. \u0130l\u00e7edeki \u00fcreticilerin bilin\u00e7lendirilmesi ve tar\u0131msal verimlili\u011fin art\u0131r\u0131lmas\u0131 amac\u0131yla d\u00fczenlenen toplant\u0131larda, 2025 Genel Tar\u0131m Say\u0131m\u0131, Bitkisel ve Hayvansal \u00dcretimdeki Yeni Destekleme Modeli, \u015eap Hastal\u0131\u011f\u0131, K\u0131r\u0131m Kongo Kanamal\u0131 Ate\u015fi, Zeytinde Hastal\u0131k ve Zararl\u0131larla M\u00fccadele, \u0130ncirde Mikotoksinler ve Aflatoksin ile Kestane Gal Ar\u0131s\u0131 Zararl\u0131s\u0131 gibi \u00f6nemli konularda bilgilendirmeler yap\u0131ld\u0131. Toplant\u0131larda ayr\u0131ca \u00fcreticilerin ya\u015fad\u0131\u011f\u0131 sorunlar, \u00e7\u00f6z\u00fcm \u00f6nerileri ve al\u0131nabilecek \u00f6nlemler konusunda isti\u015farelerde bulunuldu. B\u00f6lgede etkili olan yo\u011fun ya\u011f\u0131\u015fa ra\u011fmen \u00fcreticilerin y\u00fcksek kat\u0131l\u0131m g\u00f6sterdi\u011fi toplant\u0131lara mahalle muhtarlar\u0131n\u0131n da destek verdi\u011fi belirtildi. K\u00f6\u015fk \u0130l\u00e7e Tar\u0131m ve Orman M\u00fcd\u00fcrl\u00fc\u011f\u00fc, t\u00fcm \u00fcreticilere misafirperverliklerinden dolay\u0131 te\u015fekk\u00fcr ederek, bereketli ve bol kazan\u00e7l\u0131 bir sezon dileyerek yapt\u0131\u011f\u0131 a\u00e7\u0131klamada &#8220;Bu hafta Cuma Bulu\u015fmalar\u0131 \u00c7ift\u00e7i Toplant\u0131lar\u0131 kapsam\u0131nda il\u00e7emizin, Ahatlar &#8211; Ko\u00e7ak &#8211; Sar\u0131\u00e7am Mahallelerinde de\u011ferli \u00fcreticilerimizle bulu\u015ftuk. Konularla ilgili yap\u0131lmas\u0131 gerekenler, kar\u015f\u0131la\u015f\u0131lan sorunlar ve \u00e7\u00f6z\u00fcm \u00f6nerileriyle ilgili isti\u015farelerde bulunduk. B\u00f6lgemizdeki yo\u011fun ya\u011f\u0131\u015fa ra\u011fmen yo\u011fun kat\u0131l\u0131m ve misafirperverliklerinden dolay\u0131 ba\u015fta mahalle muhtarlar\u0131m\u0131za ve \u00fcreticilerimize te\u015fekk\u00fcr eder, bereketli bol kazan\u00e7lar dileriz&#8221; ifadeler\u015f yer ald\u0131.<br \/><\/p>\n","protected":false},"excerpt":{"rendered":"<p>K\u00f6\u015fk \u0130l\u00e7e Tar\u0131m ve Orman M\u00fcd\u00fcrl\u00fc\u011f\u00fc, Cuma Bulu\u015fmalar\u0131 \u00c7ift\u00e7i Toplant\u0131lar\u0131 kapsam\u0131nda Ahatlar, Ko\u00e7ak ve Sar\u0131\u00e7am Mahallelerinde \u00fcreticilerle bir araya gelerek tar\u0131msal destekler, hastal\u0131klarla m\u00fccadele ve verimlilik konular\u0131nda bilgilendirmelerde bulundu. K\u00f6\u015fk \u0130l\u00e7e Tar\u0131m ve Orman M\u00fcd\u00fcrl\u00fc\u011f\u00fc ekipleri, Cuma Bulu\u015fmalar\u0131 \u00c7ift\u00e7i Toplant\u0131lar\u0131 kapsam\u0131nda Ahatlar, Ko\u00e7ak ve Sar\u0131\u00e7am Mahallelerinde \u00fcreticilerle bir araya geldi. \u0130l\u00e7edeki \u00fcreticilerin bilin\u00e7lendirilmesi ve tar\u0131msal&#8230;<\/p>\n","protected":false},"author":1,"featured_media":59219,"comment_status":"open","ping_status":"open","sticky":false,"template":"","format":"standard","meta":{"_crdt_document":"","footnotes":""},"categories":[1],"tags":[],"class_list":["post-59218","post","type-post","status-publish","format-standard","has-post-thumbnail","hentry","category-guncel"],"_links":{"self":[{"href":"https:\/\/www.egemtv.com\/index.php?rest_route=\/wp\/v2\/posts\/59218","targetHints":{"allow":["GET"]}}],"collection":[{"href":"https:\/\/www.egemtv.com\/index.php?rest_route=\/wp\/v2\/posts"}],"about":[{"href":"https:\/\/www.egemtv.com\/index.php?rest_route=\/wp\/v2\/types\/post"}],"author":[{"embeddable":true,"href":"https:\/\/www.egemtv.com\/index.php?rest_route=\/wp\/v2\/users\/1"}],"replies":[{"embeddable":true,"href":"https:\/\/www.egemtv.com\/index.php?rest_route=%2Fwp%2Fv2%2Fcomments&post=59218"}],"version-history":[{"count":1,"href":"https:\/\/www.egemtv.com\/index.php?rest_route=\/wp\/v2\/posts\/59218\/revisions"}],"predecessor-version":[{"id":59220,"href":"https:\/\/www.egemtv.com\/index.php?rest_route=\/wp\/v2\/posts\/59218\/revisions\/59220"}],"wp:featuredmedia":[{"embeddable":true,"href":"https:\/\/www.egemtv.com\/index.php?rest_route=\/wp\/v2\/media\/59219"}],"wp:attachment":[{"href":"https:\/\/www.egemtv.com\/index.php?rest_route=%2Fwp%2Fv2%2Fmedia&parent=59218"}],"wp:term":[{"taxonomy":"category","embeddable":true,"href":"https:\/\/www.egemtv.com\/index.php?rest_route=%2Fwp%2Fv2%2Fcategories&post=59218"},{"taxonomy":"post_tag","embeddable":true,"href":"https:\/\/www.egemtv.com\/index.php?rest_route=%2Fwp%2Fv2%2Ftags&post=59218"}],"curies":[{"name":"wp","href":"https:\/\/api.w.org\/{rel}","templated":true}]}}