{"id":59215,"date":"2025-10-04T11:14:53","date_gmt":"2025-10-04T08:14:53","guid":{"rendered":"https:\/\/www.egemtv.com\/?p=59215"},"modified":"2025-10-04T11:14:55","modified_gmt":"2025-10-04T08:14:55","slug":"goztepenin-konugu-basaksehir","status":"publish","type":"post","link":"https:\/\/www.egemtv.com\/?p=59215","title":{"rendered":"G\u00f6ztepe\u2019nin konu\u011fu Ba\u015fak\u015fehir"},"content":{"rendered":"<p>G\u00f6ztepe, Trendyol S\u00fcper Lig\u2019in 8. haftas\u0131nda yar\u0131n G\u00fcrsel Aksel Stadyumu\u2019nda Ba\u015fak\u015fehir\u2019i konuk edecek.<br \/>\n<br \/>Trendyol S\u00fcper Lig\u2019de yoluna yenilgisiz devam eden G\u00f6ztepe, 8. hafta m\u00fccadelesinde yar\u0131n Ba\u015fak\u015fehir ile kar\u015f\u0131 kar\u015f\u0131ya gelecek. G\u00fcrsel Aksel Stadyumu\u2019nda oynanacak m\u00fcsabaka saat 20.00\u2019de ba\u015flayacak. Kar\u015f\u0131la\u015fma \u00f6ncesinde sar\u0131-k\u0131rm\u0131z\u0131l\u0131lar 3 galibiyet, 4 beraberlikle toplad\u0131\u011f\u0131 13 puanla 4. basamakta bulunurken, 1 ma\u00e7 eksi\u011fi olan \u0130stanbul ekibi 6 puanla 13. s\u0131rada yer al\u0131yor. \u0130zmir ekibi, bu zorlu kar\u015f\u0131la\u015fmada rakibini ma\u011flup ederek Avrupa hedefine g\u00fc\u00e7l\u00fc bir \u015fekilde ilerlemek istiyor.<\/p>\n<p>\u0130\u00e7 sahada 1 galibiyet, 2 beraberlik<br \/>\n<br \/>G\u00f6ztepe, i\u00e7 sahada bu sezon oynad\u0131\u011f\u0131 3 kar\u015f\u0131la\u015fmada 1 galibiyet ve 2 beraberlik elde etti. Bu s\u00fcre\u00e7te Fenerbah\u00e7e ve Konyaspor ile berabere kalan \u0130zmir ekibi, tek galibiyetini Be\u015fikta\u015f kar\u015f\u0131s\u0131nda ald\u0131.<\/p>\n<p>G\u00f6ztepe\u2019de Og\u00fcn yok, Olaitan belirsiz<br \/>\n<br \/>G\u00f6ztepe\u2019de sezon \u00f6ncesindeki Slovenya kamp\u0131nda omzundan sakatlanan Og\u00fcn Bayrak, antrenmanlara geri d\u00f6nse de Ba\u015fak\u015fehir ma\u00e7\u0131nda forma giyemeyecek. Ge\u00e7ti\u011fimiz hafta sakatl\u0131\u011f\u0131ndan dolay\u0131 Ey\u00fcpspor ma\u00e7\u0131nda forma giyemeyen Junior Olaitan\u2019\u0131n durumunun ise ma\u00e7 saatinde belli olaca\u011f\u0131 ifade edildi.<\/p>\n<p>Cihan Ayd\u0131n d\u00fcd\u00fck \u00e7alacak<br \/>\n<br \/>G\u00f6ztepe &#8211; Ba\u015fak\u015fehir m\u00fccadelesini Bursa b\u00f6lgesi hakemlerinden Cihan Ayd\u0131n y\u00f6netecek. Ayd\u0131n\u2019\u0131n yard\u0131mc\u0131l\u0131klar\u0131n\u0131 Mustafa Savranlar ve Murat Altan yapacak. Kar\u015f\u0131la\u015fman\u0131n d\u00f6rd\u00fcnc\u00fc hakemi de Muhammed Selim \u00d6zbek olacak.<br \/><\/p>\n","protected":false},"excerpt":{"rendered":"<p>G\u00f6ztepe, Trendyol S\u00fcper Lig\u2019in 8. haftas\u0131nda yar\u0131n G\u00fcrsel Aksel Stadyumu\u2019nda Ba\u015fak\u015fehir\u2019i konuk edecek. Trendyol S\u00fcper Lig\u2019de yoluna yenilgisiz devam eden G\u00f6ztepe, 8. hafta m\u00fccadelesinde yar\u0131n Ba\u015fak\u015fehir ile kar\u015f\u0131 kar\u015f\u0131ya gelecek. G\u00fcrsel Aksel Stadyumu\u2019nda oynanacak m\u00fcsabaka saat 20.00\u2019de ba\u015flayacak. Kar\u015f\u0131la\u015fma \u00f6ncesinde sar\u0131-k\u0131rm\u0131z\u0131l\u0131lar 3 galibiyet, 4 beraberlikle toplad\u0131\u011f\u0131 13 puanla 4. basamakta bulunurken, 1 ma\u00e7 eksi\u011fi olan&#8230;<\/p>\n","protected":false},"author":1,"featured_media":59216,"comment_status":"open","ping_status":"open","sticky":false,"template":"","format":"standard","meta":{"_crdt_document":"","footnotes":""},"categories":[4],"tags":[],"class_list":["post-59215","post","type-post","status-publish","format-standard","has-post-thumbnail","hentry","category-spor"],"_links":{"self":[{"href":"https:\/\/www.egemtv.com\/index.php?rest_route=\/wp\/v2\/posts\/59215","targetHints":{"allow":["GET"]}}],"collection":[{"href":"https:\/\/www.egemtv.com\/index.php?rest_route=\/wp\/v2\/posts"}],"about":[{"href":"https:\/\/www.egemtv.com\/index.php?rest_route=\/wp\/v2\/types\/post"}],"author":[{"embeddable":true,"href":"https:\/\/www.egemtv.com\/index.php?rest_route=\/wp\/v2\/users\/1"}],"replies":[{"embeddable":true,"href":"https:\/\/www.egemtv.com\/index.php?rest_route=%2Fwp%2Fv2%2Fcomments&post=59215"}],"version-history":[{"count":1,"href":"https:\/\/www.egemtv.com\/index.php?rest_route=\/wp\/v2\/posts\/59215\/revisions"}],"predecessor-version":[{"id":59217,"href":"https:\/\/www.egemtv.com\/index.php?rest_route=\/wp\/v2\/posts\/59215\/revisions\/59217"}],"wp:featuredmedia":[{"embeddable":true,"href":"https:\/\/www.egemtv.com\/index.php?rest_route=\/wp\/v2\/media\/59216"}],"wp:attachment":[{"href":"https:\/\/www.egemtv.com\/index.php?rest_route=%2Fwp%2Fv2%2Fmedia&parent=59215"}],"wp:term":[{"taxonomy":"category","embeddable":true,"href":"https:\/\/www.egemtv.com\/index.php?rest_route=%2Fwp%2Fv2%2Fcategories&post=59215"},{"taxonomy":"post_tag","embeddable":true,"href":"https:\/\/www.egemtv.com\/index.php?rest_route=%2Fwp%2Fv2%2Ftags&post=59215"}],"curies":[{"name":"wp","href":"https:\/\/api.w.org\/{rel}","templated":true}]}}