{"id":59212,"date":"2025-10-04T10:55:03","date_gmt":"2025-10-04T07:55:03","guid":{"rendered":"https:\/\/www.egemtv.com\/?p=59212"},"modified":"2025-10-04T10:55:08","modified_gmt":"2025-10-04T07:55:08","slug":"muglanin-turizmi-masaya-yatirildi","status":"publish","type":"post","link":"https:\/\/www.egemtv.com\/?p=59212","title":{"rendered":"Mu\u011fla\u2019n\u0131n turizmi masaya yat\u0131r\u0131ld\u0131"},"content":{"rendered":"<p>Do\u011fas\u0131, tarihi ve k\u00fclt\u00fcrel zenginlikleriyle bir d\u00fcnya markas\u0131 olan Mu\u011fla\u2019n\u0131n, T\u00fcrkiye Turizm Tan\u0131t\u0131m ve Geli\u015ftirme Ajans\u0131 (TGA) \u00e7al\u0131\u015fmalar\u0131yla turizmdeki g\u00fc\u00e7l\u00fc konumunu daha da ileriye ta\u015f\u0131mak amac\u0131yla \u00f6nemli bir toplant\u0131 ger\u00e7ekle\u015ftirildi.<\/p>\n<p>Mu\u011fla \u0130l Tan\u0131t\u0131m ve Geli\u015ftirme Kurulu Toplant\u0131s\u0131, Vali Dr. \u0130dris Akb\u0131y\u0131k ba\u015fkanl\u0131\u011f\u0131nda yap\u0131ld\u0131. K\u00fclt\u00fcr ve Turizm Bakanl\u0131\u011f\u0131 Tan\u0131tma Genel M\u00fcd\u00fcrl\u00fc\u011f\u00fc ve TGA b\u00fcnyesinde olu\u015fturulan Kurul, Mu\u011fla\u2019n\u0131n ulusal ve uluslararas\u0131 alanda daha etkin tan\u0131t\u0131m\u0131n\u0131 sa\u011flamak, ileti\u015fim s\u00fcre\u00e7lerini g\u00fc\u00e7lendirmek ve y\u00fcr\u00fct\u00fclen faaliyetlerde koordinasyonu art\u0131rmak amac\u0131yla bir araya geldi. Toplant\u0131, Mu\u011fla\u2019n\u0131n sadece deniz-kum-g\u00fcne\u015f de\u011fil, ayn\u0131 zamanda gastronomi, spor ve k\u00fclt\u00fcr rotalar\u0131yla da \u00f6ne \u00e7\u0131kan d\u00f6rt mevsim turizm destinasyonu olma hedefine ula\u015fmas\u0131 i\u00e7in at\u0131lacak yeni stratejilerin belirlenmesiyle sona erdi.<br \/><\/p>\n","protected":false},"excerpt":{"rendered":"<p>Do\u011fas\u0131, tarihi ve k\u00fclt\u00fcrel zenginlikleriyle bir d\u00fcnya markas\u0131 olan Mu\u011fla\u2019n\u0131n, T\u00fcrkiye Turizm Tan\u0131t\u0131m ve Geli\u015ftirme Ajans\u0131 (TGA) \u00e7al\u0131\u015fmalar\u0131yla turizmdeki g\u00fc\u00e7l\u00fc konumunu daha da ileriye ta\u015f\u0131mak amac\u0131yla \u00f6nemli bir toplant\u0131 ger\u00e7ekle\u015ftirildi. Mu\u011fla \u0130l Tan\u0131t\u0131m ve Geli\u015ftirme Kurulu Toplant\u0131s\u0131, Vali Dr. \u0130dris Akb\u0131y\u0131k ba\u015fkanl\u0131\u011f\u0131nda yap\u0131ld\u0131. K\u00fclt\u00fcr ve Turizm Bakanl\u0131\u011f\u0131 Tan\u0131tma Genel M\u00fcd\u00fcrl\u00fc\u011f\u00fc ve TGA b\u00fcnyesinde olu\u015fturulan Kurul,&#8230;<\/p>\n","protected":false},"author":1,"featured_media":59213,"comment_status":"open","ping_status":"open","sticky":false,"template":"","format":"standard","meta":{"_crdt_document":"","footnotes":""},"categories":[1],"tags":[],"class_list":["post-59212","post","type-post","status-publish","format-standard","has-post-thumbnail","hentry","category-guncel"],"_links":{"self":[{"href":"https:\/\/www.egemtv.com\/index.php?rest_route=\/wp\/v2\/posts\/59212","targetHints":{"allow":["GET"]}}],"collection":[{"href":"https:\/\/www.egemtv.com\/index.php?rest_route=\/wp\/v2\/posts"}],"about":[{"href":"https:\/\/www.egemtv.com\/index.php?rest_route=\/wp\/v2\/types\/post"}],"author":[{"embeddable":true,"href":"https:\/\/www.egemtv.com\/index.php?rest_route=\/wp\/v2\/users\/1"}],"replies":[{"embeddable":true,"href":"https:\/\/www.egemtv.com\/index.php?rest_route=%2Fwp%2Fv2%2Fcomments&post=59212"}],"version-history":[{"count":1,"href":"https:\/\/www.egemtv.com\/index.php?rest_route=\/wp\/v2\/posts\/59212\/revisions"}],"predecessor-version":[{"id":59214,"href":"https:\/\/www.egemtv.com\/index.php?rest_route=\/wp\/v2\/posts\/59212\/revisions\/59214"}],"wp:featuredmedia":[{"embeddable":true,"href":"https:\/\/www.egemtv.com\/index.php?rest_route=\/wp\/v2\/media\/59213"}],"wp:attachment":[{"href":"https:\/\/www.egemtv.com\/index.php?rest_route=%2Fwp%2Fv2%2Fmedia&parent=59212"}],"wp:term":[{"taxonomy":"category","embeddable":true,"href":"https:\/\/www.egemtv.com\/index.php?rest_route=%2Fwp%2Fv2%2Fcategories&post=59212"},{"taxonomy":"post_tag","embeddable":true,"href":"https:\/\/www.egemtv.com\/index.php?rest_route=%2Fwp%2Fv2%2Ftags&post=59212"}],"curies":[{"name":"wp","href":"https:\/\/api.w.org\/{rel}","templated":true}]}}