{"id":59209,"date":"2025-10-04T10:54:55","date_gmt":"2025-10-04T07:54:55","guid":{"rendered":"https:\/\/www.egemtv.com\/?p=59209"},"modified":"2025-10-04T10:54:57","modified_gmt":"2025-10-04T07:54:57","slug":"didimde-mehmet-soysalan-parki-torenle-acildi","status":"publish","type":"post","link":"https:\/\/www.egemtv.com\/?p=59209","title":{"rendered":"Didim\u2019de Mehmet Soysalan Park\u0131 t\u00f6renle a\u00e7\u0131ld\u0131"},"content":{"rendered":"<p>Didim\u2019in ge\u00e7mi\u015f d\u00f6nem belediye ba\u015fkanlar\u0131ndan Mehmet Soysalan\u2019\u0131n ad\u0131, il\u00e7eye kazand\u0131r\u0131lan yeni parkla \u00f6l\u00fcms\u00fczle\u015ftirildi. Efeler Mahallesi 1327 Sokak\u2019ta yer alan Mehmet Soysalan Park\u0131, d\u00fczenlenen t\u00f6renle halk\u0131n kullan\u0131m\u0131na a\u00e7\u0131ld\u0131.<br \/>\n<br \/>1994-1999 y\u0131llar\u0131 aras\u0131nda Didim Belediye Ba\u015fkanl\u0131\u011f\u0131 g\u00f6revinde bulunan ve il\u00e7eye bir\u00e7ok alanda \u00f6nemli katk\u0131lar sa\u011flayan Mehmet Soysalan\u2019\u0131n ad\u0131, bundan b\u00f6yle \u00e7ocuklar\u0131n oyun oynayaca\u011f\u0131, ailelerin vakit ge\u00e7irece\u011fi bu parkta ya\u015fayacak. Soysalan\u2019\u0131n hizmetleri aras\u0131nda Didim\u2019in karde\u015f \u015fehirlerinden biri olan Almanya\u2019n\u0131n Laubach kentiyle kurulan dostluk k\u00f6pr\u00fcs\u00fc de yer al\u0131yor. A\u00e7\u0131l\u0131\u015f t\u00f6renine, Didim Belediye Ba\u015fkan\u0131 Hatice Gen\u00e7ay, Laubach Belediye Ba\u015fkan\u0131 Matthias Meyer, karde\u015f \u015fehir karar\u0131nda imzas\u0131 bulunan eski belediye meclis \u00fcyeleri ve \u00e7ok say\u0131da vatanda\u015f kat\u0131ld\u0131. Ba\u015fkan Hatice Gen\u00e7ay t\u00f6rende yapt\u0131\u011f\u0131 konu\u015fmada &#8220;Ge\u00e7ti\u011fimiz g\u00fcnlerde Efeler Mahallemizde yapt\u0131\u011f\u0131m\u0131z bulu\u015fmada, evlad\u0131m\u0131z Yi\u011fit\u2019in \u2018tek kaleli bir sahada top oynamak istiyoruz\u2019 talebini dikkate alarak b\u00f6lgeye hem g\u00fczel bir park hem de mini saha kazand\u0131rd\u0131k. Mehmet Abi\u2019miz, g\u00f6rev yapt\u0131\u011f\u0131 d\u00f6nemde Didim\u2019e bir\u00e7ok \u00f6nemli hizmet kazand\u0131rd\u0131. \u00c7ocuklar\u0131 \u00e7ok severdi, onlar\u0131n gelece\u011fi i\u00e7in emek verdi. Biz de bu parka onun ismini vererek hem hat\u0131ras\u0131n\u0131 ya\u015fat\u0131yor hem de bu hizmetlerin de\u011ferini gelecek ku\u015faklara aktar\u0131yoruz. Ayr\u0131ca 30 y\u0131l \u00f6nce Laubach ile kurulan karde\u015f \u015fehir ba\u011f\u0131n\u0131n mimarlar\u0131ndan biri olan Mehmet Abi\u2019mizin ad\u0131n\u0131, bug\u00fcn Laubach\u2019tan gelen dostlar\u0131m\u0131zla birlikte a\u00e7t\u0131\u011f\u0131m\u0131z bu parkta ya\u015fatmak bizler i\u00e7in ayr\u0131 bir gurur kayna\u011f\u0131d\u0131r. Bu anlaml\u0131 g\u00fcnde bizleri yaln\u0131z b\u0131rakmayan herkese te\u015fekk\u00fcr ediyorum&#8221; dedi.<br \/>\n<br \/>A\u00e7\u0131l\u0131\u015f kurdelesi, Ba\u015fkan Hatice Gen\u00e7ay, Laubach Belediye Ba\u015fkan\u0131 Matthias Meyer, eski meclis \u00fcyeleri ve vatanda\u015flarla birlikte kesildi.<br \/><\/p>\n","protected":false},"excerpt":{"rendered":"<p>Didim\u2019in ge\u00e7mi\u015f d\u00f6nem belediye ba\u015fkanlar\u0131ndan Mehmet Soysalan\u2019\u0131n ad\u0131, il\u00e7eye kazand\u0131r\u0131lan yeni parkla \u00f6l\u00fcms\u00fczle\u015ftirildi. Efeler Mahallesi 1327 Sokak\u2019ta yer alan Mehmet Soysalan Park\u0131, d\u00fczenlenen t\u00f6renle halk\u0131n kullan\u0131m\u0131na a\u00e7\u0131ld\u0131. 1994-1999 y\u0131llar\u0131 aras\u0131nda Didim Belediye Ba\u015fkanl\u0131\u011f\u0131 g\u00f6revinde bulunan ve il\u00e7eye bir\u00e7ok alanda \u00f6nemli katk\u0131lar sa\u011flayan Mehmet Soysalan\u2019\u0131n ad\u0131, bundan b\u00f6yle \u00e7ocuklar\u0131n oyun oynayaca\u011f\u0131, ailelerin vakit ge\u00e7irece\u011fi bu parkta&#8230;<\/p>\n","protected":false},"author":1,"featured_media":59210,"comment_status":"open","ping_status":"open","sticky":false,"template":"","format":"standard","meta":{"_crdt_document":"","footnotes":""},"categories":[1],"tags":[],"class_list":["post-59209","post","type-post","status-publish","format-standard","has-post-thumbnail","hentry","category-guncel"],"_links":{"self":[{"href":"https:\/\/www.egemtv.com\/index.php?rest_route=\/wp\/v2\/posts\/59209","targetHints":{"allow":["GET"]}}],"collection":[{"href":"https:\/\/www.egemtv.com\/index.php?rest_route=\/wp\/v2\/posts"}],"about":[{"href":"https:\/\/www.egemtv.com\/index.php?rest_route=\/wp\/v2\/types\/post"}],"author":[{"embeddable":true,"href":"https:\/\/www.egemtv.com\/index.php?rest_route=\/wp\/v2\/users\/1"}],"replies":[{"embeddable":true,"href":"https:\/\/www.egemtv.com\/index.php?rest_route=%2Fwp%2Fv2%2Fcomments&post=59209"}],"version-history":[{"count":1,"href":"https:\/\/www.egemtv.com\/index.php?rest_route=\/wp\/v2\/posts\/59209\/revisions"}],"predecessor-version":[{"id":59211,"href":"https:\/\/www.egemtv.com\/index.php?rest_route=\/wp\/v2\/posts\/59209\/revisions\/59211"}],"wp:featuredmedia":[{"embeddable":true,"href":"https:\/\/www.egemtv.com\/index.php?rest_route=\/wp\/v2\/media\/59210"}],"wp:attachment":[{"href":"https:\/\/www.egemtv.com\/index.php?rest_route=%2Fwp%2Fv2%2Fmedia&parent=59209"}],"wp:term":[{"taxonomy":"category","embeddable":true,"href":"https:\/\/www.egemtv.com\/index.php?rest_route=%2Fwp%2Fv2%2Fcategories&post=59209"},{"taxonomy":"post_tag","embeddable":true,"href":"https:\/\/www.egemtv.com\/index.php?rest_route=%2Fwp%2Fv2%2Ftags&post=59209"}],"curies":[{"name":"wp","href":"https:\/\/api.w.org\/{rel}","templated":true}]}}