{"id":59191,"date":"2025-10-04T09:36:19","date_gmt":"2025-10-04T06:36:19","guid":{"rendered":"https:\/\/www.egemtv.com\/?p=59191"},"modified":"2025-10-04T09:36:22","modified_gmt":"2025-10-04T06:36:22","slug":"kocarli-festival-icin-gun-sayiyor","status":"publish","type":"post","link":"https:\/\/www.egemtv.com\/?p=59191","title":{"rendered":"Ko\u00e7arl\u0131, festival i\u00e7in g\u00fcn say\u0131yor"},"content":{"rendered":"<p>Ko\u00e7arl\u0131 Belediyesi taraf\u0131ndan ger\u00e7ekle\u015ftirilecek olan 15. Geleneksel \u00c7am F\u0131st\u0131\u011f\u0131 ve Y\u00f6resel \u00dcr\u00fcnler Festivali 7 Ekim Sal\u0131 G\u00fcn\u00fc Dev Kortej ile start veriyor.<br \/>\n<br \/>7 Ekim Sal\u0131 g\u00fcn\u00fc saat 18.30\u2019da Emoji, \u00c7i\u00e7ek k\u0131zlar, Led Show, Bando ve bir \u00e7ok animasyonun yer ald\u0131\u011f\u0131 a\u00e7\u0131l\u0131\u015f korteji ard\u0131ndan Festival, Necati ve Saykolar konseri ile devam edecek. 6 g\u00fcn boyunca devam edecek olan Ko\u00e7arl\u0131 y\u00f6resel \u00fcr\u00fcnler festivali il\u00e7ede kurulan lunapark ve standlar ile g\u00fcnd\u00fczleri g\u00f6z doldururken, ak\u015fam saatlerinde her g\u00fcne ayr\u0131 sanat\u00e7\u0131 ile e\u011flenceye imza atacak. Ko\u00e7arl\u0131 Belediye Ba\u015fkan\u0131 \u00d6zg\u00fcr Ar\u0131c\u0131 yapt\u0131\u011f\u0131 a\u00e7\u0131klamada &#8221; \u0130l\u00e7emiz y\u00f6resel \u00fcr\u00fcnler a\u00e7\u0131s\u0131ndan \u00e7ok \u00f6nemli bir yere sahip, \u00c7am F\u0131st\u0131\u011f\u0131, pamuk, zeytin, zeytin ya\u011f\u0131, incir ve bir\u00e7ok \u00fcr\u00fcn\u00fcm\u00fcz\u00fc ziyaret\u00e7ilerimize tan\u0131tmak i\u00e7in heyecanl\u0131y\u0131z. Y\u00f6resel zenginli\u011fimizi e\u011flence ve m\u00fczikle birle\u015ftirerek misafirlerimize unutulmaz bir 6 g\u00fcn ya\u015fatmak istiyoruz. T\u00fcm halk\u0131m\u0131z\u0131 bekliyoruz&#8221; dedi.<br \/><\/p>\n","protected":false},"excerpt":{"rendered":"<p>Ko\u00e7arl\u0131 Belediyesi taraf\u0131ndan ger\u00e7ekle\u015ftirilecek olan 15. Geleneksel \u00c7am F\u0131st\u0131\u011f\u0131 ve Y\u00f6resel \u00dcr\u00fcnler Festivali 7 Ekim Sal\u0131 G\u00fcn\u00fc Dev Kortej ile start veriyor. 7 Ekim Sal\u0131 g\u00fcn\u00fc saat 18.30\u2019da Emoji, \u00c7i\u00e7ek k\u0131zlar, Led Show, Bando ve bir \u00e7ok animasyonun yer ald\u0131\u011f\u0131 a\u00e7\u0131l\u0131\u015f korteji ard\u0131ndan Festival, Necati ve Saykolar konseri ile devam edecek. 6 g\u00fcn boyunca devam&#8230;<\/p>\n","protected":false},"author":1,"featured_media":59192,"comment_status":"open","ping_status":"open","sticky":false,"template":"","format":"standard","meta":{"_crdt_document":"","footnotes":""},"categories":[1],"tags":[],"class_list":["post-59191","post","type-post","status-publish","format-standard","has-post-thumbnail","hentry","category-guncel"],"_links":{"self":[{"href":"https:\/\/www.egemtv.com\/index.php?rest_route=\/wp\/v2\/posts\/59191","targetHints":{"allow":["GET"]}}],"collection":[{"href":"https:\/\/www.egemtv.com\/index.php?rest_route=\/wp\/v2\/posts"}],"about":[{"href":"https:\/\/www.egemtv.com\/index.php?rest_route=\/wp\/v2\/types\/post"}],"author":[{"embeddable":true,"href":"https:\/\/www.egemtv.com\/index.php?rest_route=\/wp\/v2\/users\/1"}],"replies":[{"embeddable":true,"href":"https:\/\/www.egemtv.com\/index.php?rest_route=%2Fwp%2Fv2%2Fcomments&post=59191"}],"version-history":[{"count":1,"href":"https:\/\/www.egemtv.com\/index.php?rest_route=\/wp\/v2\/posts\/59191\/revisions"}],"predecessor-version":[{"id":59193,"href":"https:\/\/www.egemtv.com\/index.php?rest_route=\/wp\/v2\/posts\/59191\/revisions\/59193"}],"wp:featuredmedia":[{"embeddable":true,"href":"https:\/\/www.egemtv.com\/index.php?rest_route=\/wp\/v2\/media\/59192"}],"wp:attachment":[{"href":"https:\/\/www.egemtv.com\/index.php?rest_route=%2Fwp%2Fv2%2Fmedia&parent=59191"}],"wp:term":[{"taxonomy":"category","embeddable":true,"href":"https:\/\/www.egemtv.com\/index.php?rest_route=%2Fwp%2Fv2%2Fcategories&post=59191"},{"taxonomy":"post_tag","embeddable":true,"href":"https:\/\/www.egemtv.com\/index.php?rest_route=%2Fwp%2Fv2%2Ftags&post=59191"}],"curies":[{"name":"wp","href":"https:\/\/api.w.org\/{rel}","templated":true}]}}