{"id":59188,"date":"2025-10-04T01:14:36","date_gmt":"2025-10-03T22:14:36","guid":{"rendered":"https:\/\/www.egemtv.com\/?p=59188"},"modified":"2025-10-04T01:14:39","modified_gmt":"2025-10-03T22:14:39","slug":"kutahyada-duanin-ardindan-yagan-yagmur-katilimcilarda-buyuk-sevinc-olusturdu","status":"publish","type":"post","link":"https:\/\/www.egemtv.com\/?p=59188","title":{"rendered":"K\u00fctahya\u2019da duan\u0131n ard\u0131ndan ya\u011fan ya\u011fmur, kat\u0131l\u0131mc\u0131larda b\u00fcy\u00fck sevin\u00e7 olu\u015fturdu"},"content":{"rendered":"<p>K\u00fctahya\u2019n\u0131n Gediz il\u00e7esi Eskigediz beldesine ba\u011fl\u0131 Ak\u00e7aalan Mahallesi\u2019ndeki \u00e7im sahada d\u00fczenlenen ya\u011fmur duas\u0131na y\u00fczlerce ki\u015fi kat\u0131ld\u0131.<br \/>\n<br \/>Gediz M\u00fcft\u00fcs\u00fc Sebahattin Turan\u2019\u0131n yapt\u0131rd\u0131\u011f\u0131 duaya, kad\u0131n-erkek t\u00fcm Ak\u00e7aalanl\u0131lar hep bir a\u011f\u0131zdan &#8220;amin&#8221; dedi. Duan\u0131n ard\u0131ndan ya\u011fan ya\u011fmur, kat\u0131l\u0131mc\u0131larda b\u00fcy\u00fck sevin\u00e7 olu\u015fturdu.<br \/>\n<br \/>Neredeyse bahar aylar\u0131ndan bu yana ya\u011fmur beklediklerini belirten Halil Oyan, &#8220;Gediz Ak\u00e7aalan\u2019da ya\u011fmur duas\u0131 i\u00e7in topland\u0131k. Mart ay\u0131ndan bu yana ya\u011fmayan ya\u011fmur i\u00e7in dua ve niyazda bulunduk. Duam\u0131za Gediz ve \u00e7evresinden, K\u00fctahya, \u0130zmir ve Almanya\u2019da ya\u015fayan hem\u015ferilerimiz de kat\u0131ld\u0131. Hepsine te\u015fekk\u00fcr ediyoruz. Rabbim hay\u0131rl\u0131 ve bereketli ya\u011fmurlar nasip etsin&#8221; dedi.<br \/>\n<br \/>Ak\u00e7aalan eski Belediye Ba\u015fkan\u0131 ve yazar H\u00fcseyin Tanr\u0131kulu ise, &#8220;Biz ya\u011fmur duas\u0131na \u00e7\u0131kmadan ya\u011fmur ya\u011fmaz. Y\u0131llard\u0131r tecr\u00fcbe ettik, hep b\u00f6yle oluyor. Rabbimize \u015f\u00fck\u00fcrler olsun, rahmetini bizden esirgemedi&#8221; ifadelerini kulland\u0131.<br \/>\n<br \/>Ya\u011fmur duas\u0131n\u0131n ard\u0131ndan kat\u0131l\u0131mc\u0131lara \u00e7orba, kavurma, pilav, helva ve ayran ikram edildi.<br \/>\n<br \/>Dua t\u00f6renine Gediz Belediye Ba\u015fkan\u0131 Necdet Akel, Eskigediz Belediye Ba\u015fkan\u0131 Mustafa Aslan, MHP Gediz \u0130l\u00e7e Ba\u015fkan\u0131 Fatih Ayd\u0131n, Gediz M\u00fcft\u00fcs\u00fc Sebahattin Turan, Gediz Milli E\u011fitim M\u00fcd\u00fcr\u00fc Recep Ayd\u0131n, Gediz \u0130l\u00e7e Tar\u0131m ve Orman M\u00fcd\u00fcr\u00fc Osman Zekeriya Y\u0131lmaz, daire amirleri, muhtarlar ve \u00e7evre k\u00f6ylerden binlerce ki\u015fi kat\u0131ld\u0131.<br \/><\/p>\n","protected":false},"excerpt":{"rendered":"<p>K\u00fctahya\u2019n\u0131n Gediz il\u00e7esi Eskigediz beldesine ba\u011fl\u0131 Ak\u00e7aalan Mahallesi\u2019ndeki \u00e7im sahada d\u00fczenlenen ya\u011fmur duas\u0131na y\u00fczlerce ki\u015fi kat\u0131ld\u0131. Gediz M\u00fcft\u00fcs\u00fc Sebahattin Turan\u2019\u0131n yapt\u0131rd\u0131\u011f\u0131 duaya, kad\u0131n-erkek t\u00fcm Ak\u00e7aalanl\u0131lar hep bir a\u011f\u0131zdan &#8220;amin&#8221; dedi. Duan\u0131n ard\u0131ndan ya\u011fan ya\u011fmur, kat\u0131l\u0131mc\u0131larda b\u00fcy\u00fck sevin\u00e7 olu\u015fturdu. Neredeyse bahar aylar\u0131ndan bu yana ya\u011fmur beklediklerini belirten Halil Oyan, &#8220;Gediz Ak\u00e7aalan\u2019da ya\u011fmur duas\u0131 i\u00e7in topland\u0131k. Mart&#8230;<\/p>\n","protected":false},"author":1,"featured_media":59189,"comment_status":"open","ping_status":"open","sticky":false,"template":"","format":"standard","meta":{"_crdt_document":"","footnotes":""},"categories":[1],"tags":[],"class_list":["post-59188","post","type-post","status-publish","format-standard","has-post-thumbnail","hentry","category-guncel"],"_links":{"self":[{"href":"https:\/\/www.egemtv.com\/index.php?rest_route=\/wp\/v2\/posts\/59188","targetHints":{"allow":["GET"]}}],"collection":[{"href":"https:\/\/www.egemtv.com\/index.php?rest_route=\/wp\/v2\/posts"}],"about":[{"href":"https:\/\/www.egemtv.com\/index.php?rest_route=\/wp\/v2\/types\/post"}],"author":[{"embeddable":true,"href":"https:\/\/www.egemtv.com\/index.php?rest_route=\/wp\/v2\/users\/1"}],"replies":[{"embeddable":true,"href":"https:\/\/www.egemtv.com\/index.php?rest_route=%2Fwp%2Fv2%2Fcomments&post=59188"}],"version-history":[{"count":1,"href":"https:\/\/www.egemtv.com\/index.php?rest_route=\/wp\/v2\/posts\/59188\/revisions"}],"predecessor-version":[{"id":59190,"href":"https:\/\/www.egemtv.com\/index.php?rest_route=\/wp\/v2\/posts\/59188\/revisions\/59190"}],"wp:featuredmedia":[{"embeddable":true,"href":"https:\/\/www.egemtv.com\/index.php?rest_route=\/wp\/v2\/media\/59189"}],"wp:attachment":[{"href":"https:\/\/www.egemtv.com\/index.php?rest_route=%2Fwp%2Fv2%2Fmedia&parent=59188"}],"wp:term":[{"taxonomy":"category","embeddable":true,"href":"https:\/\/www.egemtv.com\/index.php?rest_route=%2Fwp%2Fv2%2Fcategories&post=59188"},{"taxonomy":"post_tag","embeddable":true,"href":"https:\/\/www.egemtv.com\/index.php?rest_route=%2Fwp%2Fv2%2Ftags&post=59188"}],"curies":[{"name":"wp","href":"https:\/\/api.w.org\/{rel}","templated":true}]}}