{"id":59185,"date":"2025-10-04T00:35:35","date_gmt":"2025-10-03T21:35:35","guid":{"rendered":"https:\/\/www.egemtv.com\/?p=59185"},"modified":"2025-10-04T00:35:41","modified_gmt":"2025-10-03T21:35:41","slug":"manisada-araca-silahli-saldiri-3-yarali","status":"publish","type":"post","link":"https:\/\/www.egemtv.com\/?p=59185","title":{"rendered":"Manisa\u2019da araca silahl\u0131 sald\u0131r\u0131: 3 yaral\u0131"},"content":{"rendered":"<p>Manisa\u2019n\u0131n Turgutlu il\u00e7esinde gece saatlerinde bir araca d\u00fczenlenen silahl\u0131 sald\u0131r\u0131da 3 ki\u015fi yaraland\u0131.<br \/>\n<br \/>Olay, saat 23.00 s\u0131ralar\u0131nda Bozkurt Mahallesi \u015eart Sokak\u2019ta meydana geldi. Edinilen bilgiye g\u00f6re, seyir halindeki 35 ALU 189 plakal\u0131 panelvana kimli\u011fi hen\u00fcz belirlenemeyen ki\u015fi ya da ki\u015filerce silahla ate\u015f a\u00e7\u0131ld\u0131.<br \/>\n<br \/>Sald\u0131r\u0131 s\u0131ras\u0131nda ara\u00e7ta bulunan ve karde\u015f olduklar\u0131 \u00f6\u011frenilen H.K. ile H.K. yaralan\u0131rken, sokakta bulunan B.B. de seken kur\u015funun aya\u011f\u0131na isabet etmesi sonucu hafif \u015fekilde yaraland\u0131.<br \/>\n<br \/>\u0130hbar \u00fczerine olay yerine polis ve sa\u011fl\u0131k ekipleri sevk edildi. Yaral\u0131lar, ambulanslarla Turgutlu Devlet Hastanesi\u2019ne kald\u0131r\u0131ld\u0131. Yaral\u0131lar\u0131n hayati tehlikelerinin bulunmad\u0131\u011f\u0131 \u00f6\u011frenildi.<br \/>\n<br \/>Polis ekipleri, sald\u0131r\u0131y\u0131 ger\u00e7ekle\u015ftiren ki\u015fi ya da ki\u015filerin yakalanmas\u0131 i\u00e7in geni\u015f \u00e7apl\u0131 soru\u015fturma ba\u015flatt\u0131.<br \/><\/p>\n","protected":false},"excerpt":{"rendered":"<p>Manisa\u2019n\u0131n Turgutlu il\u00e7esinde gece saatlerinde bir araca d\u00fczenlenen silahl\u0131 sald\u0131r\u0131da 3 ki\u015fi yaraland\u0131. Olay, saat 23.00 s\u0131ralar\u0131nda Bozkurt Mahallesi \u015eart Sokak\u2019ta meydana geldi. Edinilen bilgiye g\u00f6re, seyir halindeki 35 ALU 189 plakal\u0131 panelvana kimli\u011fi hen\u00fcz belirlenemeyen ki\u015fi ya da ki\u015filerce silahla ate\u015f a\u00e7\u0131ld\u0131. Sald\u0131r\u0131 s\u0131ras\u0131nda ara\u00e7ta bulunan ve karde\u015f olduklar\u0131 \u00f6\u011frenilen H.K. ile H.K. yaralan\u0131rken,&#8230;<\/p>\n","protected":false},"author":1,"featured_media":59186,"comment_status":"open","ping_status":"open","sticky":false,"template":"","format":"standard","meta":{"_crdt_document":"","footnotes":""},"categories":[5],"tags":[],"class_list":["post-59185","post","type-post","status-publish","format-standard","has-post-thumbnail","hentry","category-asayis"],"_links":{"self":[{"href":"https:\/\/www.egemtv.com\/index.php?rest_route=\/wp\/v2\/posts\/59185","targetHints":{"allow":["GET"]}}],"collection":[{"href":"https:\/\/www.egemtv.com\/index.php?rest_route=\/wp\/v2\/posts"}],"about":[{"href":"https:\/\/www.egemtv.com\/index.php?rest_route=\/wp\/v2\/types\/post"}],"author":[{"embeddable":true,"href":"https:\/\/www.egemtv.com\/index.php?rest_route=\/wp\/v2\/users\/1"}],"replies":[{"embeddable":true,"href":"https:\/\/www.egemtv.com\/index.php?rest_route=%2Fwp%2Fv2%2Fcomments&post=59185"}],"version-history":[{"count":1,"href":"https:\/\/www.egemtv.com\/index.php?rest_route=\/wp\/v2\/posts\/59185\/revisions"}],"predecessor-version":[{"id":59187,"href":"https:\/\/www.egemtv.com\/index.php?rest_route=\/wp\/v2\/posts\/59185\/revisions\/59187"}],"wp:featuredmedia":[{"embeddable":true,"href":"https:\/\/www.egemtv.com\/index.php?rest_route=\/wp\/v2\/media\/59186"}],"wp:attachment":[{"href":"https:\/\/www.egemtv.com\/index.php?rest_route=%2Fwp%2Fv2%2Fmedia&parent=59185"}],"wp:term":[{"taxonomy":"category","embeddable":true,"href":"https:\/\/www.egemtv.com\/index.php?rest_route=%2Fwp%2Fv2%2Fcategories&post=59185"},{"taxonomy":"post_tag","embeddable":true,"href":"https:\/\/www.egemtv.com\/index.php?rest_route=%2Fwp%2Fv2%2Ftags&post=59185"}],"curies":[{"name":"wp","href":"https:\/\/api.w.org\/{rel}","templated":true}]}}