{"id":59182,"date":"2025-10-04T00:35:13","date_gmt":"2025-10-03T21:35:13","guid":{"rendered":"https:\/\/www.egemtv.com\/?p=59182"},"modified":"2025-10-04T00:35:23","modified_gmt":"2025-10-03T21:35:23","slug":"kiz-kardesine-kaynar-su-doken-agabey-yakalandi-saldirgan-namus-meselesi-dedi","status":"publish","type":"post","link":"https:\/\/www.egemtv.com\/?p=59182","title":{"rendered":"K\u0131z karde\u015fine kaynar su d\u00f6ken a\u011fabey yakaland\u0131: Sald\u0131rgan \u2018namus meselesi\u2019 dedi"},"content":{"rendered":"<p>MAN\u0130SA (\u0130HA) \u2013 Manisa\u2019da bir \u015fahs\u0131n k\u0131z karde\u015fini darp edip kaynar su d\u00f6kt\u00fc\u011f\u00fc anlara ait g\u00f6r\u00fcnt\u00fcler sosyal medyada b\u00fcy\u00fck tepkiye sebep olurken, polis ekipleri sald\u0131rgan\u0131 g\u00f6zalt\u0131na ald\u0131. A.\u0130.A. isimli \u015fah\u0131s, olay\u0131n sebebinin &#8220;namus meselesi&#8221; oldu\u011funu iddia etti.<br \/>\n<br \/>Sosyal medyada payla\u015f\u0131lan g\u00f6r\u00fcnt\u00fclerde, M.A.\u0130.A. (19), 16 ya\u015f\u0131ndaki k\u0131z karde\u015fine &#8220;Ayaklar\u0131ma kapan, \u00f6z\u00fcr dile&#8221; dedikten sonra elindeki kaynar suyu k\u0131z\u0131n \u00fczerine d\u00f6kt\u00fc. Deh\u015fet verici g\u00f6r\u00fcnt\u00fcler k\u0131sa s\u00fcrede binlerce kullan\u0131c\u0131ya ula\u015f\u0131rken sosyal medyada b\u00fcy\u00fck tepki toplad\u0131. Manisa \u0130l Emniyet M\u00fcd\u00fcrl\u00fc\u011f\u00fc ekipleri taraf\u0131ndan yakalanan M.A.\u0130.A. (19) isimli \u015fahs\u0131n, g\u00f6zalt\u0131 s\u0131ras\u0131nda kendisine b\u0131\u00e7akla zarar verdi\u011fi \u00f6\u011frenildi. \u015e\u00fcpheli, Manisa \u015eehir Hastanesi\u2019nde sa\u011fl\u0131k kontrol\u00fcnden ge\u00e7irildikten sonra ifadesi al\u0131nmak \u00fczere emniyete sevk edildi.<\/p>\n<p>\u2018Namus meselesi\u2019 dedi<br \/>\n<br \/>M.A.\u0130.A, sosyal medya hesab\u0131ndan yapt\u0131\u011f\u0131 a\u00e7\u0131klamada, olay\u0131 namus sebebiyle ger\u00e7ekle\u015ftirdi\u011fini belirterek, kendisine tepki g\u00f6sterenlere de hakaretlerde bulundu.<\/p>\n<p>Manisa Valili\u011finden a\u00e7\u0131klama<br \/>\n<br \/>Konuyla ilgili Manisa Valili\u011finden yap\u0131lan yaz\u0131l\u0131 a\u00e7\u0131klamada, &#8220;03.10.2025 g\u00fcn\u00fc baz\u0131 sosyal medya platformlar\u0131nda Manisa\u2019da 19 ya\u015f\u0131ndaki bir \u015fahs\u0131n, 16 ya\u015f\u0131ndaki k\u0131z karde\u015fine \u015fiddet uygulay\u0131p \u00fczerine kaynar su d\u00f6kt\u00fc\u011f\u00fc g\u00f6r\u00fcnt\u00fclerle ilgili yap\u0131lan ara\u015ft\u0131rmada; olay\u0131 ger\u00e7ekle\u015ftiren \u015f\u00fcpheli \u015fahs\u0131n M. A. \u0130. A (19) oldu\u011fu tespit edilerek yakalanm\u0131\u015f ve adli tahkikat ba\u015flat\u0131lm\u0131\u015ft\u0131r. Aile ve Sosyal Hizmetler birimimizce de \u015fiddete maruz kalan \u00e7ocuk i\u00e7in gerekli tedbir i\u015flemleri ba\u015flat\u0131lm\u0131\u015ft\u0131r&#8221; denildi.<br \/><\/p>\n","protected":false},"excerpt":{"rendered":"<p>MAN\u0130SA (\u0130HA) \u2013 Manisa\u2019da bir \u015fahs\u0131n k\u0131z karde\u015fini darp edip kaynar su d\u00f6kt\u00fc\u011f\u00fc anlara ait g\u00f6r\u00fcnt\u00fcler sosyal medyada b\u00fcy\u00fck tepkiye sebep olurken, polis ekipleri sald\u0131rgan\u0131 g\u00f6zalt\u0131na ald\u0131. A.\u0130.A. isimli \u015fah\u0131s, olay\u0131n sebebinin &#8220;namus meselesi&#8221; oldu\u011funu iddia etti. Sosyal medyada payla\u015f\u0131lan g\u00f6r\u00fcnt\u00fclerde, M.A.\u0130.A. (19), 16 ya\u015f\u0131ndaki k\u0131z karde\u015fine &#8220;Ayaklar\u0131ma kapan, \u00f6z\u00fcr dile&#8221; dedikten sonra elindeki kaynar&#8230;<\/p>\n","protected":false},"author":1,"featured_media":59183,"comment_status":"open","ping_status":"open","sticky":false,"template":"","format":"standard","meta":{"_crdt_document":"","footnotes":""},"categories":[5],"tags":[],"class_list":["post-59182","post","type-post","status-publish","format-standard","has-post-thumbnail","hentry","category-asayis"],"_links":{"self":[{"href":"https:\/\/www.egemtv.com\/index.php?rest_route=\/wp\/v2\/posts\/59182","targetHints":{"allow":["GET"]}}],"collection":[{"href":"https:\/\/www.egemtv.com\/index.php?rest_route=\/wp\/v2\/posts"}],"about":[{"href":"https:\/\/www.egemtv.com\/index.php?rest_route=\/wp\/v2\/types\/post"}],"author":[{"embeddable":true,"href":"https:\/\/www.egemtv.com\/index.php?rest_route=\/wp\/v2\/users\/1"}],"replies":[{"embeddable":true,"href":"https:\/\/www.egemtv.com\/index.php?rest_route=%2Fwp%2Fv2%2Fcomments&post=59182"}],"version-history":[{"count":1,"href":"https:\/\/www.egemtv.com\/index.php?rest_route=\/wp\/v2\/posts\/59182\/revisions"}],"predecessor-version":[{"id":59184,"href":"https:\/\/www.egemtv.com\/index.php?rest_route=\/wp\/v2\/posts\/59182\/revisions\/59184"}],"wp:featuredmedia":[{"embeddable":true,"href":"https:\/\/www.egemtv.com\/index.php?rest_route=\/wp\/v2\/media\/59183"}],"wp:attachment":[{"href":"https:\/\/www.egemtv.com\/index.php?rest_route=%2Fwp%2Fv2%2Fmedia&parent=59182"}],"wp:term":[{"taxonomy":"category","embeddable":true,"href":"https:\/\/www.egemtv.com\/index.php?rest_route=%2Fwp%2Fv2%2Fcategories&post=59182"},{"taxonomy":"post_tag","embeddable":true,"href":"https:\/\/www.egemtv.com\/index.php?rest_route=%2Fwp%2Fv2%2Ftags&post=59182"}],"curies":[{"name":"wp","href":"https:\/\/api.w.org\/{rel}","templated":true}]}}