{"id":59056,"date":"2025-10-03T14:35:26","date_gmt":"2025-10-03T11:35:26","guid":{"rendered":"https:\/\/www.egemtv.com\/?p=59056"},"modified":"2025-10-03T14:35:33","modified_gmt":"2025-10-03T11:35:33","slug":"muglada-mezarliklar-temizleniyor","status":"publish","type":"post","link":"https:\/\/www.egemtv.com\/?p=59056","title":{"rendered":"Mu\u011fla\u2019da mezarl\u0131klar temizleniyor"},"content":{"rendered":"<p>Mu\u011fla B\u00fcy\u00fck\u015fehir Belediyesi, il genelindeki mezarl\u0131klarda bak\u0131m, onar\u0131m, temizlik ve d\u00fczenleme \u00e7al\u0131\u015fmalar\u0131n\u0131 aral\u0131ks\u0131z s\u00fcrd\u00fcr\u00fcyor. \u00c7al\u0131\u015fmalar kapsam\u0131nda budama ve temizlik s\u0131ras\u0131nda \u00e7\u0131kan a\u011fa\u00e7 dallar\u0131 ile kurumu\u015f odunlar israf edilmeden de\u011ferlendirilerek ihtiya\u00e7 sahibi ailelere yakacak olarak da\u011f\u0131t\u0131l\u0131yor.<br \/>\n<br \/>B\u00fcy\u00fck\u015fehir Belediyesi, 1435 mezarl\u0131kta y\u00fcr\u00fctt\u00fc\u011f\u00fc temizlik ve bak\u0131m \u00e7al\u0131\u015fmalar\u0131nda ortaya \u00e7\u0131kan odunlar\u0131 ekipler taraf\u0131ndan toplay\u0131p \u00e7uvall\u0131yor. Haz\u0131rlanan yakacaklar, belediyenin Sosyal Yard\u0131m De\u011ferlendirme Kurulu taraf\u0131ndan belirlenen ihtiya\u00e7 sahibi ailelere ula\u015ft\u0131r\u0131l\u0131yor. B\u00f6ylece hem mezarl\u0131k alanlar\u0131 d\u00fczenli hale getiriliyor hem de ihtiya\u00e7 sahibi vatanda\u015flara so\u011fuk k\u0131\u015f aylar\u0131nda \u0131s\u0131nma deste\u011fi sa\u011flan\u0131yor.<br \/>\n<br \/>Bug\u00fcne kadar 17 bin 400 \u00e7uval odun teslim edildi<br \/>\n<br \/>Belediye ekipleri, bug\u00fcne kadar yap\u0131lan kesim ve budama \u00e7al\u0131\u015fmalar\u0131 sonras\u0131nda toplam 17 bin 400 \u00e7uval odun da\u011f\u0131tt\u0131. Bu sayede hem mezarl\u0131klarda temizlikten \u00e7\u0131kan odunlar de\u011ferlendirilmi\u015f oldu hem de ihtiya\u00e7 sahiplerine \u00f6nemli bir yakacak deste\u011fi sa\u011fland\u0131.<br \/>\n<br \/>Ba\u015fkan Aras &#8220;Hem \u00e7evremizi koruyor hem de vatanda\u015f\u0131m\u0131za destek oluyoruz&#8221;<br \/>\n<br \/>K\u0131y\u0131 Ege Belediler Birli\u011fi ve Mu\u011fla B\u00fcy\u00fck\u015fehir Belediye Ba\u015fkan\u0131 Ahmet Aras &#8220;Belediyemiz hem \u00e7evreyi korumak hem de sosyal belediyecilik anlay\u0131\u015f\u0131m\u0131z\u0131 g\u00fc\u00e7lendirmek i\u00e7in farkl\u0131 projeler y\u00fcr\u00fct\u00fcyor. Mezarl\u0131klarda yap\u0131lan temizlik ve budama \u00e7al\u0131\u015fmalar\u0131 sonras\u0131 ortaya \u00e7\u0131kan odunlar\u0131 \u00e7\u00f6pe atmak yerine ihtiya\u00e7 sahibi vatanda\u015flar\u0131m\u0131za yakacak deste\u011fi olarak ula\u015ft\u0131r\u0131yoruz. B\u00f6ylece hem \u00e7evremizi koruyor hem de so\u011fuk k\u0131\u015f aylar\u0131nda vatanda\u015flar\u0131m\u0131z\u0131n yan\u0131nda oluyoruz. Dayan\u0131\u015fma ruhuyla hareket ederek Mu\u011fla\u2019m\u0131zda kimsenin yaln\u0131z kalmamas\u0131 i\u00e7in \u00e7al\u0131\u015fmaya devam edece\u011fiz&#8221; dedi.<br \/><\/p>\n","protected":false},"excerpt":{"rendered":"<p>Mu\u011fla B\u00fcy\u00fck\u015fehir Belediyesi, il genelindeki mezarl\u0131klarda bak\u0131m, onar\u0131m, temizlik ve d\u00fczenleme \u00e7al\u0131\u015fmalar\u0131n\u0131 aral\u0131ks\u0131z s\u00fcrd\u00fcr\u00fcyor. \u00c7al\u0131\u015fmalar kapsam\u0131nda budama ve temizlik s\u0131ras\u0131nda \u00e7\u0131kan a\u011fa\u00e7 dallar\u0131 ile kurumu\u015f odunlar israf edilmeden de\u011ferlendirilerek ihtiya\u00e7 sahibi ailelere yakacak olarak da\u011f\u0131t\u0131l\u0131yor. B\u00fcy\u00fck\u015fehir Belediyesi, 1435 mezarl\u0131kta y\u00fcr\u00fctt\u00fc\u011f\u00fc temizlik ve bak\u0131m \u00e7al\u0131\u015fmalar\u0131nda ortaya \u00e7\u0131kan odunlar\u0131 ekipler taraf\u0131ndan toplay\u0131p \u00e7uvall\u0131yor. Haz\u0131rlanan yakacaklar, belediyenin Sosyal&#8230;<\/p>\n","protected":false},"author":1,"featured_media":59057,"comment_status":"open","ping_status":"open","sticky":false,"template":"","format":"standard","meta":{"_crdt_document":"","footnotes":""},"categories":[1],"tags":[],"class_list":["post-59056","post","type-post","status-publish","format-standard","has-post-thumbnail","hentry","category-guncel"],"_links":{"self":[{"href":"https:\/\/www.egemtv.com\/index.php?rest_route=\/wp\/v2\/posts\/59056","targetHints":{"allow":["GET"]}}],"collection":[{"href":"https:\/\/www.egemtv.com\/index.php?rest_route=\/wp\/v2\/posts"}],"about":[{"href":"https:\/\/www.egemtv.com\/index.php?rest_route=\/wp\/v2\/types\/post"}],"author":[{"embeddable":true,"href":"https:\/\/www.egemtv.com\/index.php?rest_route=\/wp\/v2\/users\/1"}],"replies":[{"embeddable":true,"href":"https:\/\/www.egemtv.com\/index.php?rest_route=%2Fwp%2Fv2%2Fcomments&post=59056"}],"version-history":[{"count":1,"href":"https:\/\/www.egemtv.com\/index.php?rest_route=\/wp\/v2\/posts\/59056\/revisions"}],"predecessor-version":[{"id":59058,"href":"https:\/\/www.egemtv.com\/index.php?rest_route=\/wp\/v2\/posts\/59056\/revisions\/59058"}],"wp:featuredmedia":[{"embeddable":true,"href":"https:\/\/www.egemtv.com\/index.php?rest_route=\/wp\/v2\/media\/59057"}],"wp:attachment":[{"href":"https:\/\/www.egemtv.com\/index.php?rest_route=%2Fwp%2Fv2%2Fmedia&parent=59056"}],"wp:term":[{"taxonomy":"category","embeddable":true,"href":"https:\/\/www.egemtv.com\/index.php?rest_route=%2Fwp%2Fv2%2Fcategories&post=59056"},{"taxonomy":"post_tag","embeddable":true,"href":"https:\/\/www.egemtv.com\/index.php?rest_route=%2Fwp%2Fv2%2Ftags&post=59056"}],"curies":[{"name":"wp","href":"https:\/\/api.w.org\/{rel}","templated":true}]}}