{"id":59053,"date":"2025-10-03T14:35:13","date_gmt":"2025-10-03T11:35:13","guid":{"rendered":"https:\/\/www.egemtv.com\/?p=59053"},"modified":"2025-10-03T14:35:21","modified_gmt":"2025-10-03T11:35:21","slug":"denizli-ihracati-eylulde-393-milyon-dolar-oldu","status":"publish","type":"post","link":"https:\/\/www.egemtv.com\/?p=59053","title":{"rendered":"Denizli ihracat\u0131 Eyl\u00fcl\u2019de 393 milyon dolar oldu"},"content":{"rendered":"<p>DEN\u0130ZL\u0130 (\u0130HA) \u2013 Denizli Eyl\u00fcl ay\u0131 ihracat\u0131, ge\u00e7ti\u011fimiz y\u0131l\u0131n ayn\u0131 d\u00f6nemine g\u00f6re y\u00fczde 0,7 azal\u0131\u015fla 393 milyon dolar oldu.<\/p>\n<p>Eyl\u00fcl ay\u0131 ihracat rakamlar\u0131 a\u00e7\u0131kland\u0131. A\u00e7\u0131klanan rakamlara g\u00f6re, \u00fclke ihracat\u0131 Eyl\u00fclde y\u00fczde 3 art\u0131\u015fla 22,6 milyar dolar olarak ger\u00e7ekle\u015fti. Denizli ihracat\u0131 da Eyl\u00fcl ay\u0131nda y\u00fczde 0,7 azal\u0131\u015fla 393 milyon dolar oldu. Denizli \u0130hracat\u00e7\u0131lar Birli\u011fi\u2019nce kayda al\u0131nan ihracat ise y\u00fczde 0,9 azal\u0131\u015fla 304 milyon dolar olarak ger\u00e7ekle\u015fti. Ocak-Eyl\u00fcl d\u00f6neminde ise Denizli ihracat\u0131 y\u00fczde 7,1 art\u0131\u015fla 3 milyar 494 milyon dolar olarak ger\u00e7ekle\u015fti.<\/p>\n<p>9 ayda yakalanan ba\u015far\u0131l\u0131 ivmenin Denizli\u2019nin \u00fcretim g\u00fcc\u00fc ve sekt\u00f6rel \u00e7e\u015fitlili\u011finin en somut g\u00f6stergesi oldu\u011funa dikkat \u00e7eken DEN\u0130B Ba\u015fkan\u0131 H\u00fcseyin Memi\u015fo\u011flu, &#8220;\u0130hracat\u00e7\u0131lar\u0131m\u0131z, de\u011fi\u015fen k\u00fcresel \u015fartlara g\u00f6sterdikleri esnek ve yenilik\u00e7i yakla\u015f\u0131mlarla \u015fehrimizin d\u00fcnya ticaretindeki yerini daha da g\u00fc\u00e7lendiriyor. Denizli\u2019nin ad\u0131n\u0131 uluslararas\u0131 pazarlarda gururla ta\u015f\u0131yan t\u00fcm ihracat\u00e7\u0131lar\u0131m\u0131za te\u015fekk\u00fcrlerimizi sunuyoruz. \u0130limizin tekstil-konfeksiyon ihracat\u0131 y\u00fczde 5,5 azal\u0131\u015fla 116 milyon dolar, elektrik-elektronik ihracat\u0131 y\u00fczde 14,2 art\u0131\u015fla 94 milyon dolar, demir-demir d\u0131\u015f\u0131 metaller ihracat\u0131 y\u00fczde 11,4 art\u0131\u015fla 58 milyon dolar, tar\u0131m ihracat\u0131 y\u00fczde 9 azal\u0131\u015fla 26 milyon dolar, madencilik ihracat\u0131 y\u00fczde 6 art\u0131\u015fla 25 milyon dolar oldu. Eyl\u00fcl ay\u0131nda makine ihracat\u0131n\u0131n y\u00fczde 52 art\u0131\u015fla dikkat \u00e7eken sekt\u00f6r oldu\u011funu s\u00f6yleyebiliriz&#8221; dedi.<\/p>\n<p>\u00dclke S\u0131ralamas\u0131nda Zirve \u0130ngiltere\u2019nin<br \/>\n<br \/>Ayl\u0131k bazda Almanya\u2019n\u0131n yeniden ikinci s\u0131raya y\u00fckseldi\u011fini belirten Memi\u015fo\u011flu, &#8220;\u0130limiz ihracat\u0131nda lider konumda olan \u0130ngiltere\u2019ye ihracat\u0131m\u0131z eyl\u00fcl ay\u0131nda y\u00fczde 3,6 art\u0131\u015fla 53 milyon dolar olarak kaydedildi. \u0130limiz ihracat\u0131nda ikinci s\u0131rada olan Almanya\u2019ya ihracat\u0131m\u0131z y\u00fczde 0,4 art\u0131\u015fla 32,69 milyon dolar oldu. \u00dc\u00e7\u00fcnc\u00fc s\u0131rada yer alan ABD\u2019ye ihracat\u0131m\u0131z y\u00fczde 11,2 azal\u0131\u015fla 32,68 milyon dolar olurken, ard\u0131ndan gelen \u0130talya\u2019ya olan ihracat\u0131m\u0131z y\u00fczde 0,8 art\u0131\u015fla 31,3 milyon dolar oldu. \u0130limiz ihracat\u0131nda be\u015finci s\u0131raya y\u00fckselen M\u0131s\u0131r\u2019a ihracat\u0131m\u0131z ise y\u00fczde 79,4 art\u0131\u015fla 19 milyon dolar olarak ger\u00e7ekle\u015fti&#8221; ifadelerini kulland\u0131.<\/p>\n<p>&#8220;Denizli, T\u00fcrkiye ihracat\u0131ndan pozitif ayr\u0131\u015f\u0131yor&#8221;<br \/>\n<br \/>Denizli\u2019de ilk \u00e7eyrekte y\u00fczde 6.2, ikinci \u00e7eyrekte ise y\u00fczde 7.8 art\u0131\u015f kaydedildi\u011fini kaydeden Memi\u015fo\u011flu, &#8220;Eyl\u00fcl ay\u0131 itibar\u0131yla \u00fc\u00e7\u00fcnc\u00fc \u00e7eyre\u011fi de tamamlam\u0131\u015f bulunuyoruz. Ocak-Eyl\u00fcl d\u00f6neminde ihracat\u0131m\u0131z y\u00fczde 7,1 art\u0131\u015fla 3 milyar 494 milyon dolara ula\u015farak \u00fc\u00e7\u00fcnc\u00fc \u00e7eyrekte de istikrar\u0131n\u0131 korudu. Ayl\u0131k bazda de\u011ferlendirildi\u011finde, Ocak, Mart ve A\u011fustos aylar\u0131nda T\u00fcrkiye genelinde 8. s\u0131raya y\u00fckselmemiz; Mart, May\u0131s, Temmuz ve A\u011fustos aylar\u0131nda 400 milyon dolar baraj\u0131n\u0131 a\u015fmam\u0131z, Denizli ihracat\u0131n\u0131n g\u00fcc\u00fcn\u00fc a\u00e7\u0131k\u00e7a ortaya koyuyor. \u0130stikrarl\u0131 b\u00fcy\u00fcmemiz, g\u00fc\u00e7l\u00fc sekt\u00f6r yap\u0131m\u0131z ve zengin \u00fcr\u00fcn \u00e7e\u015fitlili\u011fimiz ile 2025 y\u0131l\u0131 i\u00e7in belirledi\u011fimiz 4,7 milyar dolarl\u0131k hedefe ula\u015faca\u011f\u0131m\u0131za inan\u0131yorum&#8221; \u015feklinde konu\u015ftu.<br \/><\/p>\n","protected":false},"excerpt":{"rendered":"<p>DEN\u0130ZL\u0130 (\u0130HA) \u2013 Denizli Eyl\u00fcl ay\u0131 ihracat\u0131, ge\u00e7ti\u011fimiz y\u0131l\u0131n ayn\u0131 d\u00f6nemine g\u00f6re y\u00fczde 0,7 azal\u0131\u015fla 393 milyon dolar oldu. Eyl\u00fcl ay\u0131 ihracat rakamlar\u0131 a\u00e7\u0131kland\u0131. A\u00e7\u0131klanan rakamlara g\u00f6re, \u00fclke ihracat\u0131 Eyl\u00fclde y\u00fczde 3 art\u0131\u015fla 22,6 milyar dolar olarak ger\u00e7ekle\u015fti. Denizli ihracat\u0131 da Eyl\u00fcl ay\u0131nda y\u00fczde 0,7 azal\u0131\u015fla 393 milyon dolar oldu. Denizli \u0130hracat\u00e7\u0131lar Birli\u011fi\u2019nce kayda al\u0131nan&#8230;<\/p>\n","protected":false},"author":1,"featured_media":59054,"comment_status":"open","ping_status":"open","sticky":false,"template":"","format":"standard","meta":{"_crdt_document":"","footnotes":""},"categories":[125],"tags":[],"class_list":["post-59053","post","type-post","status-publish","format-standard","has-post-thumbnail","hentry","category-ekonomi"],"_links":{"self":[{"href":"https:\/\/www.egemtv.com\/index.php?rest_route=\/wp\/v2\/posts\/59053","targetHints":{"allow":["GET"]}}],"collection":[{"href":"https:\/\/www.egemtv.com\/index.php?rest_route=\/wp\/v2\/posts"}],"about":[{"href":"https:\/\/www.egemtv.com\/index.php?rest_route=\/wp\/v2\/types\/post"}],"author":[{"embeddable":true,"href":"https:\/\/www.egemtv.com\/index.php?rest_route=\/wp\/v2\/users\/1"}],"replies":[{"embeddable":true,"href":"https:\/\/www.egemtv.com\/index.php?rest_route=%2Fwp%2Fv2%2Fcomments&post=59053"}],"version-history":[{"count":1,"href":"https:\/\/www.egemtv.com\/index.php?rest_route=\/wp\/v2\/posts\/59053\/revisions"}],"predecessor-version":[{"id":59055,"href":"https:\/\/www.egemtv.com\/index.php?rest_route=\/wp\/v2\/posts\/59053\/revisions\/59055"}],"wp:featuredmedia":[{"embeddable":true,"href":"https:\/\/www.egemtv.com\/index.php?rest_route=\/wp\/v2\/media\/59054"}],"wp:attachment":[{"href":"https:\/\/www.egemtv.com\/index.php?rest_route=%2Fwp%2Fv2%2Fmedia&parent=59053"}],"wp:term":[{"taxonomy":"category","embeddable":true,"href":"https:\/\/www.egemtv.com\/index.php?rest_route=%2Fwp%2Fv2%2Fcategories&post=59053"},{"taxonomy":"post_tag","embeddable":true,"href":"https:\/\/www.egemtv.com\/index.php?rest_route=%2Fwp%2Fv2%2Ftags&post=59053"}],"curies":[{"name":"wp","href":"https:\/\/api.w.org\/{rel}","templated":true}]}}