{"id":59044,"date":"2025-10-03T14:16:24","date_gmt":"2025-10-03T11:16:24","guid":{"rendered":"https:\/\/www.egemtv.com\/?p=59044"},"modified":"2025-10-03T14:16:27","modified_gmt":"2025-10-03T11:16:27","slug":"ahsap-tekne-kiyiya-vurdu","status":"publish","type":"post","link":"https:\/\/www.egemtv.com\/?p=59044","title":{"rendered":"Ah\u015fap tekne k\u0131y\u0131ya vurdu"},"content":{"rendered":"<p>Mu\u011fla\u2019n\u0131n Bodrum il\u00e7esinde olumsuz hava \u015fartlar\u0131 nedeniyle tonozdan ayr\u0131lan tekne k\u0131y\u0131ya vurdu.<br \/>\n<br \/>\u0130l\u00e7ede aral\u0131klarla ya\u011f\u0131\u015fla birlikte g\u00fcneyli y\u00f6nlerden r\u00fczgar da etkili oldu. Kumbah\u00e7e Koyu\u2019nda demirli 12 metre boyundaki tekne, halat\u0131n\u0131n kopmas\u0131 sonucu  ba\u011fl\u0131 bulundu\u011fu tonozdan ayr\u0131ld\u0131.<br \/>\n<br \/>S\u00fcr\u00fcklenen tekne, sahildeki bir kafe yan\u0131nda k\u0131y\u0131ya vurdu. Teknede maddi hasar meydana geldi.<br \/>\n<br \/>Vatanda\u015flar taraf\u0131ndan halatlarla sabitlenen teknenin, r\u00fczgar durunca kurtar\u0131laca\u011f\u0131 bildirildi.<br \/><\/p>\n","protected":false},"excerpt":{"rendered":"<p>Mu\u011fla\u2019n\u0131n Bodrum il\u00e7esinde olumsuz hava \u015fartlar\u0131 nedeniyle tonozdan ayr\u0131lan tekne k\u0131y\u0131ya vurdu. \u0130l\u00e7ede aral\u0131klarla ya\u011f\u0131\u015fla birlikte g\u00fcneyli y\u00f6nlerden r\u00fczgar da etkili oldu. Kumbah\u00e7e Koyu\u2019nda demirli 12 metre boyundaki tekne, halat\u0131n\u0131n kopmas\u0131 sonucu ba\u011fl\u0131 bulundu\u011fu tonozdan ayr\u0131ld\u0131. S\u00fcr\u00fcklenen tekne, sahildeki bir kafe yan\u0131nda k\u0131y\u0131ya vurdu. Teknede maddi hasar meydana geldi. Vatanda\u015flar taraf\u0131ndan halatlarla sabitlenen teknenin, r\u00fczgar&#8230;<\/p>\n","protected":false},"author":1,"featured_media":59045,"comment_status":"open","ping_status":"open","sticky":false,"template":"","format":"standard","meta":{"_crdt_document":"","footnotes":""},"categories":[1],"tags":[],"class_list":["post-59044","post","type-post","status-publish","format-standard","has-post-thumbnail","hentry","category-guncel"],"_links":{"self":[{"href":"https:\/\/www.egemtv.com\/index.php?rest_route=\/wp\/v2\/posts\/59044","targetHints":{"allow":["GET"]}}],"collection":[{"href":"https:\/\/www.egemtv.com\/index.php?rest_route=\/wp\/v2\/posts"}],"about":[{"href":"https:\/\/www.egemtv.com\/index.php?rest_route=\/wp\/v2\/types\/post"}],"author":[{"embeddable":true,"href":"https:\/\/www.egemtv.com\/index.php?rest_route=\/wp\/v2\/users\/1"}],"replies":[{"embeddable":true,"href":"https:\/\/www.egemtv.com\/index.php?rest_route=%2Fwp%2Fv2%2Fcomments&post=59044"}],"version-history":[{"count":1,"href":"https:\/\/www.egemtv.com\/index.php?rest_route=\/wp\/v2\/posts\/59044\/revisions"}],"predecessor-version":[{"id":59046,"href":"https:\/\/www.egemtv.com\/index.php?rest_route=\/wp\/v2\/posts\/59044\/revisions\/59046"}],"wp:featuredmedia":[{"embeddable":true,"href":"https:\/\/www.egemtv.com\/index.php?rest_route=\/wp\/v2\/media\/59045"}],"wp:attachment":[{"href":"https:\/\/www.egemtv.com\/index.php?rest_route=%2Fwp%2Fv2%2Fmedia&parent=59044"}],"wp:term":[{"taxonomy":"category","embeddable":true,"href":"https:\/\/www.egemtv.com\/index.php?rest_route=%2Fwp%2Fv2%2Fcategories&post=59044"},{"taxonomy":"post_tag","embeddable":true,"href":"https:\/\/www.egemtv.com\/index.php?rest_route=%2Fwp%2Fv2%2Ftags&post=59044"}],"curies":[{"name":"wp","href":"https:\/\/api.w.org\/{rel}","templated":true}]}}