{"id":59041,"date":"2025-10-03T13:35:08","date_gmt":"2025-10-03T10:35:08","guid":{"rendered":"https:\/\/www.egemtv.com\/?p=59041"},"modified":"2025-10-03T13:35:09","modified_gmt":"2025-10-03T10:35:09","slug":"park-halindeki-otomobil-alevlere-teslim-oldu-2","status":"publish","type":"post","link":"https:\/\/www.egemtv.com\/?p=59041","title":{"rendered":"Park halindeki otomobil alevlere teslim oldu"},"content":{"rendered":"<p>Denizli\u2019de park halindeki ara\u00e7tan \u00e7\u0131kan dumanlar k\u0131sa s\u00fcrede alevlere d\u00f6n\u00fc\u015ft\u00fc. \u0130tfaiye ekipleri yang\u0131na m\u00fcdahale ederken, ara\u00e7 kullan\u0131lamaz hale geldi.<\/p>\n<p>Yang\u0131n, Merkezefendi il\u00e7esi Yeni\u015fafak Mahallesi\u2019nde meydana geldi. Edinilen bilgilere g\u00f6re, hen\u00fcz plakas\u0131 bilinmeyen park halindeki ara\u00e7tan dumanlar y\u00fckselmeye ba\u015flad\u0131. Bir anda alevlere teslim olan otomobil yanmaya ba\u015flad\u0131. Vatanda\u015flar\u0131n ihbar\u0131 \u00fczerine b\u00f6lgeye itfaiye ve polis ekipleri sevk edildi.<\/p>\n<p>B\u00f6lgeye gelen itfaiye ekipleri yanan otomobili k\u0131sa s\u00fcrede s\u00f6nd\u00fcrerek kontrol alt\u0131na al\u0131nd\u0131. Alevlerin aras\u0131nda kalan otomobil ise kullan\u0131lamaz hale geldi. Yang\u0131nla ilgili soru\u015fturma ba\u015flat\u0131ld\u0131.<br \/><\/p>\n","protected":false},"excerpt":{"rendered":"<p>Denizli\u2019de park halindeki ara\u00e7tan \u00e7\u0131kan dumanlar k\u0131sa s\u00fcrede alevlere d\u00f6n\u00fc\u015ft\u00fc. \u0130tfaiye ekipleri yang\u0131na m\u00fcdahale ederken, ara\u00e7 kullan\u0131lamaz hale geldi. Yang\u0131n, Merkezefendi il\u00e7esi Yeni\u015fafak Mahallesi\u2019nde meydana geldi. Edinilen bilgilere g\u00f6re, hen\u00fcz plakas\u0131 bilinmeyen park halindeki ara\u00e7tan dumanlar y\u00fckselmeye ba\u015flad\u0131. Bir anda alevlere teslim olan otomobil yanmaya ba\u015flad\u0131. Vatanda\u015flar\u0131n ihbar\u0131 \u00fczerine b\u00f6lgeye itfaiye ve polis ekipleri sevk&#8230;<\/p>\n","protected":false},"author":1,"featured_media":59042,"comment_status":"open","ping_status":"open","sticky":false,"template":"","format":"standard","meta":{"_crdt_document":"","footnotes":""},"categories":[5],"tags":[],"class_list":["post-59041","post","type-post","status-publish","format-standard","has-post-thumbnail","hentry","category-asayis"],"_links":{"self":[{"href":"https:\/\/www.egemtv.com\/index.php?rest_route=\/wp\/v2\/posts\/59041","targetHints":{"allow":["GET"]}}],"collection":[{"href":"https:\/\/www.egemtv.com\/index.php?rest_route=\/wp\/v2\/posts"}],"about":[{"href":"https:\/\/www.egemtv.com\/index.php?rest_route=\/wp\/v2\/types\/post"}],"author":[{"embeddable":true,"href":"https:\/\/www.egemtv.com\/index.php?rest_route=\/wp\/v2\/users\/1"}],"replies":[{"embeddable":true,"href":"https:\/\/www.egemtv.com\/index.php?rest_route=%2Fwp%2Fv2%2Fcomments&post=59041"}],"version-history":[{"count":1,"href":"https:\/\/www.egemtv.com\/index.php?rest_route=\/wp\/v2\/posts\/59041\/revisions"}],"predecessor-version":[{"id":59043,"href":"https:\/\/www.egemtv.com\/index.php?rest_route=\/wp\/v2\/posts\/59041\/revisions\/59043"}],"wp:featuredmedia":[{"embeddable":true,"href":"https:\/\/www.egemtv.com\/index.php?rest_route=\/wp\/v2\/media\/59042"}],"wp:attachment":[{"href":"https:\/\/www.egemtv.com\/index.php?rest_route=%2Fwp%2Fv2%2Fmedia&parent=59041"}],"wp:term":[{"taxonomy":"category","embeddable":true,"href":"https:\/\/www.egemtv.com\/index.php?rest_route=%2Fwp%2Fv2%2Fcategories&post=59041"},{"taxonomy":"post_tag","embeddable":true,"href":"https:\/\/www.egemtv.com\/index.php?rest_route=%2Fwp%2Fv2%2Ftags&post=59041"}],"curies":[{"name":"wp","href":"https:\/\/api.w.org\/{rel}","templated":true}]}}