{"id":59038,"date":"2025-10-03T13:35:01","date_gmt":"2025-10-03T10:35:01","guid":{"rendered":"https:\/\/www.egemtv.com\/?p=59038"},"modified":"2025-10-03T13:35:06","modified_gmt":"2025-10-03T10:35:06","slug":"baskan-cercioglu-hizmetin-onunde-durani-sel-alir-goturur","status":"publish","type":"post","link":"https:\/\/www.egemtv.com\/?p=59038","title":{"rendered":"Ba\u015fkan \u00c7er\u00e7io\u011flu: &#8220;Hizmetin \u00f6n\u00fcnde duran\u0131 sel al\u0131r g\u00f6t\u00fcr\u00fcr&#8221;"},"content":{"rendered":"<p>MHP Ayd\u0131n \u0130l Ba\u015fkanl\u0131\u011f\u0131na iade-i ziyarette bulunan Ba\u015fkan \u00c7er\u00e7io\u011flu, tek ama\u00e7lar\u0131n\u0131n Ayd\u0131n\u2019a hizmet etmek oldu\u011funu ve engel olmak isteyenlere ra\u011fmen projelerini hayata ge\u00e7ireceklerini belirterek, &#8220;Hizmetin \u00f6n\u00fcnde duran\u0131 sel al\u0131r g\u00f6t\u00fcr\u00fcr&#8221; dedi.<br \/>\n<br \/>Ayd\u0131n B\u00fcy\u00fck\u015fehir Belediye Ba\u015fkan\u0131 \u00d6zlem \u00c7er\u00e7io\u011flu, MHP Ayd\u0131n \u0130l Ba\u015fkanl\u0131\u011f\u0131\u2019na iade-i ziyarette bulundu. Ziyarette AK Parti Ayd\u0131n Milletvekilleri Seda Sar\u0131ba\u015f ve \u00d6mer \u00d6zmen, AK Parti Ayd\u0131n \u0130l Ba\u015fkan\u0131 Mehmet Erdem de \u00c7er\u00e7io\u011flu\u2019na e\u015flik etti. Ba\u015fkan \u00c7er\u00e7io\u011flu\u2019nu, MHP Ayd\u0131n \u0130l Ba\u015fkan\u0131 Haluk Al\u0131c\u0131k kap\u0131da kar\u015f\u0131lad\u0131.<br \/>\n<br \/>Ziyaretin ba\u015f\u0131nda Ba\u015fkan \u00c7er\u00e7io\u011flu\u2019na \u00e7i\u00e7ek takdim edildi. MHP Ayd\u0131n \u0130l Ba\u015fkan\u0131 Haluk Al\u0131c\u0131k yapt\u0131\u011f\u0131 konu\u015fmada, &#8220;MHP olarak d\u00fcn oldu\u011fu gibi bug\u00fcn de Cumhur \u0130ttifak\u0131 olarak dimdik ayaktay\u0131z. \u00d6zlem Han\u0131m zaten ba\u015far\u0131l\u0131yd\u0131, ba\u015far\u0131lar\u0131na ba\u015far\u0131 katacak. Sizlerle birlikte olmak bizim i\u00e7in b\u00fcy\u00fck bir \u015fereftir&#8221; ifadelerini kulland\u0131.<br \/>\n<br \/>\u00c7er\u00e7io\u011flu: &#8220;Hepimizin soyad\u0131 Ayd\u0131n&#8221;<br \/>\n<br \/>Ayd\u0131n\u2019a hizmetin tek ama\u00e7lar\u0131 oldu\u011funu vurgulayan B\u00fcy\u00fck\u015fehir Belediye Ba\u015fkan\u0131 \u00d6zlem \u00c7er\u00e7io\u011flu, &#8220;Milletvekillerimizle birlikte bakanl\u0131klara gittik, Ayd\u0131n\u2019\u0131 masaya yat\u0131rd\u0131k. Yapacak \u00e7ok i\u015fimiz var. D\u00fcn neyse bug\u00fcn de o. \u0130smimiz Ahmet, Mehmet, Ay\u015fe olabilir ama hepimizin soyad\u0131 Ayd\u0131n. Tek amac\u0131m\u0131z hizmet etmek&#8221; dedi.<br \/>\n<br \/>&#8220;Hizmetin \u00f6n\u00fcnde duran\u0131 sel g\u00f6t\u00fcr\u00fcr&#8221;<br \/>\n<br \/>Baz\u0131 projelere onay verilmemesini ele\u015ftiren Ba\u015fkan \u00c7er\u00e7io\u011flu, &#8220;Yeni D\u00f6rtyol k\u00f6pr\u00fcl\u00fc kav\u015fak i\u00e7in kredi talebinde bulunduk, reddettiler. K\u00f6ylerimize asfalt d\u00f6kece\u011fiz dedik, \u2018Hay\u0131r, d\u00f6kmeyin\u2019 deyip yine reddettiler. Ay\u0131p, siz bu kadar m\u0131 Ayd\u0131n halk\u0131n\u0131 seviyorsunuz? Neden hizmetin kar\u015f\u0131s\u0131nda duruyorsunuz?&#8221; diye sordu.<br \/>\n<br \/>\u00c7er\u00e7io\u011flu, hizmetin engellenmesine ra\u011fmen projeleri hayata ge\u00e7irmekte kararl\u0131 olduklar\u0131n\u0131 vurgulayarak, &#8220;Biz hizmetin yan\u0131nday\u0131z. Onlar reddetse de biz yine yapar\u0131z. Hizmetin \u00f6n\u00fcnde duran\u0131 sel al\u0131r g\u00f6t\u00fcr\u00fcr&#8221; \u015feklinde konu\u015ftu.<br \/>\n<br \/>&#8220;Belediye ba\u015fkan\u0131 laf de\u011fil, hizmet \u00fcretir&#8221;<br \/>\n<br \/>Ziyaret s\u0131ras\u0131nda g\u00fcndeme gelen Ku\u015fadas\u0131\u2019ndaki B\u00fcy\u00fck\u015fehir Belediyesi hizmet binas\u0131 hakk\u0131nda da konu\u015fan \u00c7er\u00e7io\u011flu, &#8220;Oras\u0131 B\u00fcy\u00fck\u015fehir Belediyesine ait bir bina. 3 y\u0131l \u00f6nce yap\u0131lan protokol gere\u011fi zemin ve 1. kat bizim kullan\u0131m\u0131m\u0131zda. Zemin katta hizmet vermek istiyoruz. Konu bu kadar basit. Herkes protokole ve kanunlara sayg\u0131 duymal\u0131. Kimse kendine \u00f6zel i\u015fler istemesin. Belediye ba\u015fkan\u0131 laf de\u011fil, hizmet \u00fcretir&#8221; ifadelerini kulland\u0131.<br \/><\/p>\n","protected":false},"excerpt":{"rendered":"<p>MHP Ayd\u0131n \u0130l Ba\u015fkanl\u0131\u011f\u0131na iade-i ziyarette bulunan Ba\u015fkan \u00c7er\u00e7io\u011flu, tek ama\u00e7lar\u0131n\u0131n Ayd\u0131n\u2019a hizmet etmek oldu\u011funu ve engel olmak isteyenlere ra\u011fmen projelerini hayata ge\u00e7ireceklerini belirterek, &#8220;Hizmetin \u00f6n\u00fcnde duran\u0131 sel al\u0131r g\u00f6t\u00fcr\u00fcr&#8221; dedi. Ayd\u0131n B\u00fcy\u00fck\u015fehir Belediye Ba\u015fkan\u0131 \u00d6zlem \u00c7er\u00e7io\u011flu, MHP Ayd\u0131n \u0130l Ba\u015fkanl\u0131\u011f\u0131\u2019na iade-i ziyarette bulundu. Ziyarette AK Parti Ayd\u0131n Milletvekilleri Seda Sar\u0131ba\u015f ve \u00d6mer \u00d6zmen, AK&#8230;<\/p>\n","protected":false},"author":1,"featured_media":59039,"comment_status":"open","ping_status":"open","sticky":false,"template":"","format":"standard","meta":{"_crdt_document":"","footnotes":""},"categories":[1],"tags":[],"class_list":["post-59038","post","type-post","status-publish","format-standard","has-post-thumbnail","hentry","category-guncel"],"_links":{"self":[{"href":"https:\/\/www.egemtv.com\/index.php?rest_route=\/wp\/v2\/posts\/59038","targetHints":{"allow":["GET"]}}],"collection":[{"href":"https:\/\/www.egemtv.com\/index.php?rest_route=\/wp\/v2\/posts"}],"about":[{"href":"https:\/\/www.egemtv.com\/index.php?rest_route=\/wp\/v2\/types\/post"}],"author":[{"embeddable":true,"href":"https:\/\/www.egemtv.com\/index.php?rest_route=\/wp\/v2\/users\/1"}],"replies":[{"embeddable":true,"href":"https:\/\/www.egemtv.com\/index.php?rest_route=%2Fwp%2Fv2%2Fcomments&post=59038"}],"version-history":[{"count":1,"href":"https:\/\/www.egemtv.com\/index.php?rest_route=\/wp\/v2\/posts\/59038\/revisions"}],"predecessor-version":[{"id":59040,"href":"https:\/\/www.egemtv.com\/index.php?rest_route=\/wp\/v2\/posts\/59038\/revisions\/59040"}],"wp:featuredmedia":[{"embeddable":true,"href":"https:\/\/www.egemtv.com\/index.php?rest_route=\/wp\/v2\/media\/59039"}],"wp:attachment":[{"href":"https:\/\/www.egemtv.com\/index.php?rest_route=%2Fwp%2Fv2%2Fmedia&parent=59038"}],"wp:term":[{"taxonomy":"category","embeddable":true,"href":"https:\/\/www.egemtv.com\/index.php?rest_route=%2Fwp%2Fv2%2Fcategories&post=59038"},{"taxonomy":"post_tag","embeddable":true,"href":"https:\/\/www.egemtv.com\/index.php?rest_route=%2Fwp%2Fv2%2Ftags&post=59038"}],"curies":[{"name":"wp","href":"https:\/\/api.w.org\/{rel}","templated":true}]}}