{"id":59026,"date":"2025-10-03T13:14:58","date_gmt":"2025-10-03T10:14:58","guid":{"rendered":"https:\/\/www.egemtv.com\/?p=59026"},"modified":"2025-10-03T13:15:00","modified_gmt":"2025-10-03T10:15:00","slug":"koskte-kuru-incir-depolarina-siki-denetim","status":"publish","type":"post","link":"https:\/\/www.egemtv.com\/?p=59026","title":{"rendered":"K\u00f6\u015fk\u2019te kuru incir depolar\u0131na s\u0131k\u0131 denetim"},"content":{"rendered":"<p>K\u00f6\u015fk \u0130l\u00e7e Tar\u0131m ve Orman M\u00fcd\u00fcrl\u00fc\u011f\u00fc ekipleri, kuru incir depolar\u0131nda hijyen ve depolama \u015fartlar\u0131n\u0131 denetlerken, uygunsuzluk tespit edilen i\u015fletmeler hakk\u0131nda yasal i\u015flem ba\u015flat\u0131ld\u0131.<\/p>\n<p>K\u00f6\u015fk \u0130l\u00e7e Tar\u0131m ve Orman M\u00fcd\u00fcrl\u00fc\u011f\u00fc ekipleri, \u0130l M\u00fcd\u00fcrl\u00fc\u011f\u00fc g\u0131da kontrol\u00f6rleriyle birlikte il\u00e7ede faaliyet g\u00f6steren kuru incir depolar\u0131nda denetim ger\u00e7ekle\u015ftirdi. Denetimlerde, depolama \u015fartlar\u0131 titizlikle incelenirken, \u00f6zellikle kuru incirlerin yerlere d\u00f6k\u00fclerek hijyen kurallar\u0131na ayk\u0131r\u0131 \u015fekilde muhafaza edildi\u011fi i\u015fletmeler tespit edildi. Yetkililer, 5996 Say\u0131l\u0131 Kanun kapsam\u0131nda \u015fartlar\u0131 uygun olmayan i\u015fletmeler hakk\u0131nda yasal i\u015flem ve yapt\u0131r\u0131mlar\u0131n uygulanaca\u011f\u0131n\u0131 bildirdi. M\u00fcd\u00fcrl\u00fckten yap\u0131lan a\u00e7\u0131klamada, kuru incir \u00fcretimi ve depolanmas\u0131n\u0131n hem b\u00f6lge ekonomisi hem de t\u00fcketici sa\u011fl\u0131\u011f\u0131 a\u00e7\u0131s\u0131ndan b\u00fcy\u00fck \u00f6nem ta\u015f\u0131d\u0131\u011f\u0131 vurgulanarak, i\u015fletmelerin depolama \u015fartlar\u0131 konusunda daha hassas ve titiz davranmalar\u0131 gerekti\u011fi hat\u0131rlat\u0131ld\u0131.<\/p>\n<p>K\u00f6\u015fk \u0130l\u00e7e Tar\u0131m ve Orman M\u00fcd\u00fcrl\u00fc\u011f\u00fc\u2019nden yap\u0131lan a\u00e7\u0131klamada &#8220;\u0130l\u00e7emizde faaliyet g\u00f6steren kuru incir depolar\u0131n\u0131n \u0130l ve \u0130l\u00e7e M\u00fcd\u00fcrl\u00fc\u011f\u00fc g\u0131da kontrol\u00f6rlerimizce ortakla\u015fa olu\u015fturulan ekipler taraf\u0131ndan denetlemesi ger\u00e7ekle\u015ftirildi. \u015eartlar\u0131 uygun olmayan ve \u00f6zellikle kuru incirleri yerlere d\u00f6kerek depolayan i\u015fletmeler hakk\u0131nda 5996 Say\u0131l\u0131 Kanun kapsam\u0131nda gerekli yasal i\u015flem ve yapt\u0131r\u0131mlar uygulanacak olup i\u015fletmelerimizin bu konuda titiz ve hassas davranmalar\u0131n\u0131 \u00f6nemle hat\u0131rlat\u0131r\u0131z&#8221; ifadeleri yer ald\u0131.<br \/><\/p>\n","protected":false},"excerpt":{"rendered":"<p>K\u00f6\u015fk \u0130l\u00e7e Tar\u0131m ve Orman M\u00fcd\u00fcrl\u00fc\u011f\u00fc ekipleri, kuru incir depolar\u0131nda hijyen ve depolama \u015fartlar\u0131n\u0131 denetlerken, uygunsuzluk tespit edilen i\u015fletmeler hakk\u0131nda yasal i\u015flem ba\u015flat\u0131ld\u0131. K\u00f6\u015fk \u0130l\u00e7e Tar\u0131m ve Orman M\u00fcd\u00fcrl\u00fc\u011f\u00fc ekipleri, \u0130l M\u00fcd\u00fcrl\u00fc\u011f\u00fc g\u0131da kontrol\u00f6rleriyle birlikte il\u00e7ede faaliyet g\u00f6steren kuru incir depolar\u0131nda denetim ger\u00e7ekle\u015ftirdi. Denetimlerde, depolama \u015fartlar\u0131 titizlikle incelenirken, \u00f6zellikle kuru incirlerin yerlere d\u00f6k\u00fclerek hijyen kurallar\u0131na&#8230;<\/p>\n","protected":false},"author":1,"featured_media":59027,"comment_status":"open","ping_status":"open","sticky":false,"template":"","format":"standard","meta":{"_crdt_document":"","footnotes":""},"categories":[1],"tags":[],"class_list":["post-59026","post","type-post","status-publish","format-standard","has-post-thumbnail","hentry","category-guncel"],"_links":{"self":[{"href":"https:\/\/www.egemtv.com\/index.php?rest_route=\/wp\/v2\/posts\/59026","targetHints":{"allow":["GET"]}}],"collection":[{"href":"https:\/\/www.egemtv.com\/index.php?rest_route=\/wp\/v2\/posts"}],"about":[{"href":"https:\/\/www.egemtv.com\/index.php?rest_route=\/wp\/v2\/types\/post"}],"author":[{"embeddable":true,"href":"https:\/\/www.egemtv.com\/index.php?rest_route=\/wp\/v2\/users\/1"}],"replies":[{"embeddable":true,"href":"https:\/\/www.egemtv.com\/index.php?rest_route=%2Fwp%2Fv2%2Fcomments&post=59026"}],"version-history":[{"count":1,"href":"https:\/\/www.egemtv.com\/index.php?rest_route=\/wp\/v2\/posts\/59026\/revisions"}],"predecessor-version":[{"id":59028,"href":"https:\/\/www.egemtv.com\/index.php?rest_route=\/wp\/v2\/posts\/59026\/revisions\/59028"}],"wp:featuredmedia":[{"embeddable":true,"href":"https:\/\/www.egemtv.com\/index.php?rest_route=\/wp\/v2\/media\/59027"}],"wp:attachment":[{"href":"https:\/\/www.egemtv.com\/index.php?rest_route=%2Fwp%2Fv2%2Fmedia&parent=59026"}],"wp:term":[{"taxonomy":"category","embeddable":true,"href":"https:\/\/www.egemtv.com\/index.php?rest_route=%2Fwp%2Fv2%2Fcategories&post=59026"},{"taxonomy":"post_tag","embeddable":true,"href":"https:\/\/www.egemtv.com\/index.php?rest_route=%2Fwp%2Fv2%2Ftags&post=59026"}],"curies":[{"name":"wp","href":"https:\/\/api.w.org\/{rel}","templated":true}]}}