{"id":59023,"date":"2025-10-03T12:15:30","date_gmt":"2025-10-03T09:15:30","guid":{"rendered":"https:\/\/www.egemtv.com\/?p=59023"},"modified":"2025-10-03T12:15:31","modified_gmt":"2025-10-03T09:15:31","slug":"ortacada-siddetli-yagis-sonrasi-araclar-su-altinda-kaldi","status":"publish","type":"post","link":"https:\/\/www.egemtv.com\/?p=59023","title":{"rendered":"Ortaca\u2019da \u015fiddetli ya\u011f\u0131\u015f sonras\u0131 ara\u00e7lar su alt\u0131nda kald\u0131"},"content":{"rendered":"<p>Meteoroloji Genel M\u00fcd\u00fcrl\u00fc\u011f\u00fc\u2019n\u00fcn yapt\u0131\u011f\u0131 uyar\u0131lar\u0131n ard\u0131ndan Mu\u011fla\u2019n\u0131n k\u0131y\u0131 kesimlerinde sa\u011fanak ya\u011f\u0131\u015f etkisini g\u00f6sterdi. Marmaris, K\u00f6yce\u011fiz, Ortaca, Dalaman ve Fethiye\u2019de sabah saatlerinden itibaren \u015fiddetini art\u0131ran ya\u011f\u0131\u015f, \u00f6zellikle Ortaca\u2019da hayat\u0131 durma noktas\u0131na getirdi.<br \/>\n<br \/>\u0130l\u00e7ede bir\u00e7ok cadde ve sokak ya\u011fmur sular\u0131yla dolarken, ara\u00e7lar yollarda mahsur kald\u0131. S\u00fcr\u00fcc\u00fcler ve vatanda\u015flar zor anlar ya\u015farken, baz\u0131 b\u00f6lgelerde ula\u015f\u0131mda aksamalar meydana geldi. Ekiplerin su bask\u0131nlar\u0131na kar\u015f\u0131 \u00e7al\u0131\u015fma ba\u015flatt\u0131\u011f\u0131, ya\u011f\u0131\u015flar\u0131n \u00f6n\u00fcm\u00fczdeki saatlerde b\u00f6lgeyi terk etmesi bekleniyor.<br \/><\/p>\n","protected":false},"excerpt":{"rendered":"<p>Meteoroloji Genel M\u00fcd\u00fcrl\u00fc\u011f\u00fc\u2019n\u00fcn yapt\u0131\u011f\u0131 uyar\u0131lar\u0131n ard\u0131ndan Mu\u011fla\u2019n\u0131n k\u0131y\u0131 kesimlerinde sa\u011fanak ya\u011f\u0131\u015f etkisini g\u00f6sterdi. Marmaris, K\u00f6yce\u011fiz, Ortaca, Dalaman ve Fethiye\u2019de sabah saatlerinden itibaren \u015fiddetini art\u0131ran ya\u011f\u0131\u015f, \u00f6zellikle Ortaca\u2019da hayat\u0131 durma noktas\u0131na getirdi. \u0130l\u00e7ede bir\u00e7ok cadde ve sokak ya\u011fmur sular\u0131yla dolarken, ara\u00e7lar yollarda mahsur kald\u0131. S\u00fcr\u00fcc\u00fcler ve vatanda\u015flar zor anlar ya\u015farken, baz\u0131 b\u00f6lgelerde ula\u015f\u0131mda aksamalar meydana geldi&#8230;.<\/p>\n","protected":false},"author":1,"featured_media":59024,"comment_status":"open","ping_status":"open","sticky":false,"template":"","format":"standard","meta":{"_crdt_document":"","footnotes":""},"categories":[5],"tags":[],"class_list":["post-59023","post","type-post","status-publish","format-standard","has-post-thumbnail","hentry","category-asayis"],"_links":{"self":[{"href":"https:\/\/www.egemtv.com\/index.php?rest_route=\/wp\/v2\/posts\/59023","targetHints":{"allow":["GET"]}}],"collection":[{"href":"https:\/\/www.egemtv.com\/index.php?rest_route=\/wp\/v2\/posts"}],"about":[{"href":"https:\/\/www.egemtv.com\/index.php?rest_route=\/wp\/v2\/types\/post"}],"author":[{"embeddable":true,"href":"https:\/\/www.egemtv.com\/index.php?rest_route=\/wp\/v2\/users\/1"}],"replies":[{"embeddable":true,"href":"https:\/\/www.egemtv.com\/index.php?rest_route=%2Fwp%2Fv2%2Fcomments&post=59023"}],"version-history":[{"count":1,"href":"https:\/\/www.egemtv.com\/index.php?rest_route=\/wp\/v2\/posts\/59023\/revisions"}],"predecessor-version":[{"id":59025,"href":"https:\/\/www.egemtv.com\/index.php?rest_route=\/wp\/v2\/posts\/59023\/revisions\/59025"}],"wp:featuredmedia":[{"embeddable":true,"href":"https:\/\/www.egemtv.com\/index.php?rest_route=\/wp\/v2\/media\/59024"}],"wp:attachment":[{"href":"https:\/\/www.egemtv.com\/index.php?rest_route=%2Fwp%2Fv2%2Fmedia&parent=59023"}],"wp:term":[{"taxonomy":"category","embeddable":true,"href":"https:\/\/www.egemtv.com\/index.php?rest_route=%2Fwp%2Fv2%2Fcategories&post=59023"},{"taxonomy":"post_tag","embeddable":true,"href":"https:\/\/www.egemtv.com\/index.php?rest_route=%2Fwp%2Fv2%2Ftags&post=59023"}],"curies":[{"name":"wp","href":"https:\/\/api.w.org\/{rel}","templated":true}]}}