{"id":59020,"date":"2025-10-03T12:15:27","date_gmt":"2025-10-03T09:15:27","guid":{"rendered":"https:\/\/www.egemtv.com\/?p=59020"},"modified":"2025-10-03T12:15:28","modified_gmt":"2025-10-03T09:15:28","slug":"alasehirde-dunya-yuruyus-gunu-etkinligi","status":"publish","type":"post","link":"https:\/\/www.egemtv.com\/?p=59020","title":{"rendered":"Ala\u015fehir\u2019de \u2019D\u00fcnya Y\u00fcr\u00fcy\u00fc\u015f G\u00fcn\u00fc\u2019 etkinli\u011fi"},"content":{"rendered":"<p>Manisa\u2019n\u0131n Ala\u015fehir il\u00e7esinde \u0130l\u00e7e Sa\u011fl\u0131k M\u00fcd\u00fcrl\u00fc\u011f\u00fc personelleri, &#8220;D\u00fcnya Y\u00fcr\u00fcy\u00fc\u015f G\u00fcn\u00fc&#8221; kapsam\u0131nda fark\u0131ndal\u0131k olu\u015fturmak amac\u0131yla kurum \u00f6n\u00fcnde d\u00f6vizlerle toplanarak etkinlik d\u00fczenledi.<br \/>\n<br \/>D\u00fcnya Sa\u011fl\u0131k \u00d6rg\u00fct\u00fc taraf\u0131ndan bula\u015f\u0131c\u0131 olmayan hastal\u0131klar\u0131n \u00f6nlenmesinde fiziksel aktivitenin \u00f6nemine dikkat \u00e7ekmek, sa\u011fl\u0131kl\u0131 ya\u015fam al\u0131\u015fkanl\u0131klar\u0131n\u0131 te\u015fvik etmek amac\u0131yla 3-4 Ekim tarihleri aras\u0131nda ilan edilen &#8220;D\u00fcnya Y\u00fcr\u00fcy\u00fc\u015f G\u00fcn\u00fc&#8221; kapsam\u0131nda Manisa\u2019n\u0131n Ala\u015fehir il\u00e7esinde etkinlik d\u00fczenlendi. Ala\u015fehir\u2019de g\u00fcn\u00fcn anlam\u0131na dikkat \u00e7ekmek i\u00e7in \u0130l\u00e7e Sa\u011fl\u0131k M\u00fcd\u00fcrl\u00fc\u011f\u00fc kurum \u00f6n\u00fcnde d\u00f6vizlerle toplant\u0131 yapt\u0131lar.<br \/>\n<br \/>Etkinlikte kat\u0131l\u0131mc\u0131lar, &#8220;Sa\u011fl\u0131\u011f\u0131n i\u00e7in y\u00fcr\u00fc&#8221;, &#8220;Her g\u00fcn 10 bin ad\u0131m&#8221;, &#8220;Y\u00fcr\u00fcy\u00fc\u015f en iyi ila\u00e7t\u0131r&#8221; yaz\u0131l\u0131 d\u00f6vizler ta\u015f\u0131yarak vatanda\u015flara fiziksel aktivitenin \u00f6nemine dikkat \u00e7ekti.<br \/>\n<br \/>Ala\u015fehir \u0130l\u00e7e Sa\u011fl\u0131k M\u00fcd\u00fcr\u00fc Dr. S\u00fcleyman \u00c7a\u011fr\u0131 Bozkurt, etkinli\u011fin amac\u0131n\u0131n toplumda fark\u0131ndal\u0131k olu\u015fturmak oldu\u011funu belirterek, &#8220;\u0130l\u00e7e Sa\u011fl\u0131k M\u00fcd\u00fcrl\u00fc\u011f\u00fc olarak payda\u015f kurum, kurulu\u015flar ve sivil toplum \u00f6rg\u00fctleriyle birlikte toplum bilincini art\u0131rmak amac\u0131yla bu etkinli\u011fi d\u00fczenledik. Amac\u0131m\u0131z, sa\u011fl\u0131kl\u0131 ya\u015fam al\u0131\u015fkanl\u0131klar\u0131n\u0131 te\u015fvik etmek ve vatanda\u015flar\u0131m\u0131z\u0131 d\u00fczenli y\u00fcr\u00fcy\u00fc\u015f yapmaya te\u015fvik etmektir&#8221; dedi.<br \/>\n<br \/>Etkinlikte vatanda\u015flara y\u00fcr\u00fcy\u00fc\u015f\u00fcn sa\u011fl\u0131k \u00fczerindeki olumlu etkileri anlat\u0131larak, d\u00fczenli y\u00fcr\u00fcy\u00fc\u015f\u00fcn obezite, diyabet, hipertansiyon gibi kronik hastal\u0131klar\u0131n riskini azaltt\u0131\u011f\u0131, ruh halini ve uyku kalitesini iyile\u015ftirdi\u011fi vurguland\u0131.<br \/><\/p>\n","protected":false},"excerpt":{"rendered":"<p>Manisa\u2019n\u0131n Ala\u015fehir il\u00e7esinde \u0130l\u00e7e Sa\u011fl\u0131k M\u00fcd\u00fcrl\u00fc\u011f\u00fc personelleri, &#8220;D\u00fcnya Y\u00fcr\u00fcy\u00fc\u015f G\u00fcn\u00fc&#8221; kapsam\u0131nda fark\u0131ndal\u0131k olu\u015fturmak amac\u0131yla kurum \u00f6n\u00fcnde d\u00f6vizlerle toplanarak etkinlik d\u00fczenledi. D\u00fcnya Sa\u011fl\u0131k \u00d6rg\u00fct\u00fc taraf\u0131ndan bula\u015f\u0131c\u0131 olmayan hastal\u0131klar\u0131n \u00f6nlenmesinde fiziksel aktivitenin \u00f6nemine dikkat \u00e7ekmek, sa\u011fl\u0131kl\u0131 ya\u015fam al\u0131\u015fkanl\u0131klar\u0131n\u0131 te\u015fvik etmek amac\u0131yla 3-4 Ekim tarihleri aras\u0131nda ilan edilen &#8220;D\u00fcnya Y\u00fcr\u00fcy\u00fc\u015f G\u00fcn\u00fc&#8221; kapsam\u0131nda Manisa\u2019n\u0131n Ala\u015fehir il\u00e7esinde etkinlik d\u00fczenlendi. Ala\u015fehir\u2019de&#8230;<\/p>\n","protected":false},"author":1,"featured_media":59021,"comment_status":"open","ping_status":"open","sticky":false,"template":"","format":"standard","meta":{"_crdt_document":"","footnotes":""},"categories":[2],"tags":[],"class_list":["post-59020","post","type-post","status-publish","format-standard","has-post-thumbnail","hentry","category-saglik"],"_links":{"self":[{"href":"https:\/\/www.egemtv.com\/index.php?rest_route=\/wp\/v2\/posts\/59020","targetHints":{"allow":["GET"]}}],"collection":[{"href":"https:\/\/www.egemtv.com\/index.php?rest_route=\/wp\/v2\/posts"}],"about":[{"href":"https:\/\/www.egemtv.com\/index.php?rest_route=\/wp\/v2\/types\/post"}],"author":[{"embeddable":true,"href":"https:\/\/www.egemtv.com\/index.php?rest_route=\/wp\/v2\/users\/1"}],"replies":[{"embeddable":true,"href":"https:\/\/www.egemtv.com\/index.php?rest_route=%2Fwp%2Fv2%2Fcomments&post=59020"}],"version-history":[{"count":1,"href":"https:\/\/www.egemtv.com\/index.php?rest_route=\/wp\/v2\/posts\/59020\/revisions"}],"predecessor-version":[{"id":59022,"href":"https:\/\/www.egemtv.com\/index.php?rest_route=\/wp\/v2\/posts\/59020\/revisions\/59022"}],"wp:featuredmedia":[{"embeddable":true,"href":"https:\/\/www.egemtv.com\/index.php?rest_route=\/wp\/v2\/media\/59021"}],"wp:attachment":[{"href":"https:\/\/www.egemtv.com\/index.php?rest_route=%2Fwp%2Fv2%2Fmedia&parent=59020"}],"wp:term":[{"taxonomy":"category","embeddable":true,"href":"https:\/\/www.egemtv.com\/index.php?rest_route=%2Fwp%2Fv2%2Fcategories&post=59020"},{"taxonomy":"post_tag","embeddable":true,"href":"https:\/\/www.egemtv.com\/index.php?rest_route=%2Fwp%2Fv2%2Ftags&post=59020"}],"curies":[{"name":"wp","href":"https:\/\/api.w.org\/{rel}","templated":true}]}}