{"id":59014,"date":"2025-10-03T12:15:19","date_gmt":"2025-10-03T09:15:19","guid":{"rendered":"https:\/\/www.egemtv.com\/?p=59014"},"modified":"2025-10-03T12:15:20","modified_gmt":"2025-10-03T09:15:20","slug":"kutahyada-cami-aile-bulusmasi-programi","status":"publish","type":"post","link":"https:\/\/www.egemtv.com\/?p=59014","title":{"rendered":"K\u00fctahya\u2019da &#8220;Cami-Aile Bulu\u015fmas\u0131&#8221; program\u0131"},"content":{"rendered":"<p>K\u00fctahya \u0130l M\u00fcft\u00fcl\u00fc\u011f\u00fcnce Camiler ve Din G\u00f6revlileri Haftas\u0131 m\u00fcnasebetiyle &#8220;Cami-Aile Bulu\u015fmas\u0131&#8221; program\u0131 ger\u00e7ekle\u015ftirildi.<br \/>\n<br \/>Merkez \u015eeyh Edebali Camii\u2019nde d\u00fczenlenen programda \u0130l M\u00fcft\u00fcs\u00fc \u0130rfan A\u00e7\u0131k, &#8220;Aile ve Aile Olman\u0131n \u00d6nemi&#8221; konulu sohbet ger\u00e7ekle\u015ftirdi. Sohbetin ard\u0131ndan program, cemaatle birlikte k\u0131l\u0131nan namaz, yap\u0131lan tesbihat ve dua ile sona erdi.<br \/><\/p>\n","protected":false},"excerpt":{"rendered":"<p>K\u00fctahya \u0130l M\u00fcft\u00fcl\u00fc\u011f\u00fcnce Camiler ve Din G\u00f6revlileri Haftas\u0131 m\u00fcnasebetiyle &#8220;Cami-Aile Bulu\u015fmas\u0131&#8221; program\u0131 ger\u00e7ekle\u015ftirildi. Merkez \u015eeyh Edebali Camii\u2019nde d\u00fczenlenen programda \u0130l M\u00fcft\u00fcs\u00fc \u0130rfan A\u00e7\u0131k, &#8220;Aile ve Aile Olman\u0131n \u00d6nemi&#8221; konulu sohbet ger\u00e7ekle\u015ftirdi. Sohbetin ard\u0131ndan program, cemaatle birlikte k\u0131l\u0131nan namaz, yap\u0131lan tesbihat ve dua ile sona erdi.<\/p>\n","protected":false},"author":1,"featured_media":59015,"comment_status":"open","ping_status":"open","sticky":false,"template":"","format":"standard","meta":{"_crdt_document":"","footnotes":""},"categories":[123],"tags":[],"class_list":["post-59014","post","type-post","status-publish","format-standard","has-post-thumbnail","hentry","category-gundem"],"_links":{"self":[{"href":"https:\/\/www.egemtv.com\/index.php?rest_route=\/wp\/v2\/posts\/59014","targetHints":{"allow":["GET"]}}],"collection":[{"href":"https:\/\/www.egemtv.com\/index.php?rest_route=\/wp\/v2\/posts"}],"about":[{"href":"https:\/\/www.egemtv.com\/index.php?rest_route=\/wp\/v2\/types\/post"}],"author":[{"embeddable":true,"href":"https:\/\/www.egemtv.com\/index.php?rest_route=\/wp\/v2\/users\/1"}],"replies":[{"embeddable":true,"href":"https:\/\/www.egemtv.com\/index.php?rest_route=%2Fwp%2Fv2%2Fcomments&post=59014"}],"version-history":[{"count":1,"href":"https:\/\/www.egemtv.com\/index.php?rest_route=\/wp\/v2\/posts\/59014\/revisions"}],"predecessor-version":[{"id":59016,"href":"https:\/\/www.egemtv.com\/index.php?rest_route=\/wp\/v2\/posts\/59014\/revisions\/59016"}],"wp:featuredmedia":[{"embeddable":true,"href":"https:\/\/www.egemtv.com\/index.php?rest_route=\/wp\/v2\/media\/59015"}],"wp:attachment":[{"href":"https:\/\/www.egemtv.com\/index.php?rest_route=%2Fwp%2Fv2%2Fmedia&parent=59014"}],"wp:term":[{"taxonomy":"category","embeddable":true,"href":"https:\/\/www.egemtv.com\/index.php?rest_route=%2Fwp%2Fv2%2Fcategories&post=59014"},{"taxonomy":"post_tag","embeddable":true,"href":"https:\/\/www.egemtv.com\/index.php?rest_route=%2Fwp%2Fv2%2Ftags&post=59014"}],"curies":[{"name":"wp","href":"https:\/\/api.w.org\/{rel}","templated":true}]}}