{"id":59011,"date":"2025-10-03T11:55:00","date_gmt":"2025-10-03T08:55:00","guid":{"rendered":"https:\/\/www.egemtv.com\/?p=59011"},"modified":"2025-10-03T11:55:05","modified_gmt":"2025-10-03T08:55:05","slug":"marmariste-beklenen-saganak-basladi","status":"publish","type":"post","link":"https:\/\/www.egemtv.com\/?p=59011","title":{"rendered":"Marmaris\u2019te beklenen sa\u011fanak ba\u015flad\u0131"},"content":{"rendered":"<p>Meteoroloji 4. B\u00f6lge M\u00fcd\u00fcrl\u00fc\u011f\u00fc\u2019nden yap\u0131lan sa\u011fanak uyar\u0131s\u0131n\u0131n ard\u0131ndan Marmaris\u2019te sabah\u0131n erken saatlerinden itibaren ya\u011f\u0131\u015f ba\u015flad\u0131.<\/p>\n<p>Meteoroloji\u2019nin sa\u011fanak ya\u011f\u0131\u015f uyar\u0131s\u0131n\u0131n ard\u0131ndan il\u00e7ede sabah erken saatlerde ba\u015flayan ve zaman zaman \u015fiddetini art\u0131ran ya\u011f\u0131\u015flar\u0131n \u015fu ana kadar herhangi bir olumsuzlu\u011fa yol a\u00e7mad\u0131\u011f\u0131 bildirildi. Yetkililer, olas\u0131 olumsuzluklara kar\u015f\u0131 ekiplerin teyakkuzda oldu\u011funu ve mahalle ile sokaklarda haz\u0131r beklediklerini a\u00e7\u0131klad\u0131.<br \/><\/p>\n","protected":false},"excerpt":{"rendered":"<p>Meteoroloji 4. B\u00f6lge M\u00fcd\u00fcrl\u00fc\u011f\u00fc\u2019nden yap\u0131lan sa\u011fanak uyar\u0131s\u0131n\u0131n ard\u0131ndan Marmaris\u2019te sabah\u0131n erken saatlerinden itibaren ya\u011f\u0131\u015f ba\u015flad\u0131. Meteoroloji\u2019nin sa\u011fanak ya\u011f\u0131\u015f uyar\u0131s\u0131n\u0131n ard\u0131ndan il\u00e7ede sabah erken saatlerde ba\u015flayan ve zaman zaman \u015fiddetini art\u0131ran ya\u011f\u0131\u015flar\u0131n \u015fu ana kadar herhangi bir olumsuzlu\u011fa yol a\u00e7mad\u0131\u011f\u0131 bildirildi. Yetkililer, olas\u0131 olumsuzluklara kar\u015f\u0131 ekiplerin teyakkuzda oldu\u011funu ve mahalle ile sokaklarda haz\u0131r beklediklerini a\u00e7\u0131klad\u0131.<\/p>\n","protected":false},"author":1,"featured_media":59012,"comment_status":"open","ping_status":"open","sticky":false,"template":"","format":"standard","meta":{"_crdt_document":"","footnotes":""},"categories":[1],"tags":[],"class_list":["post-59011","post","type-post","status-publish","format-standard","has-post-thumbnail","hentry","category-guncel"],"_links":{"self":[{"href":"https:\/\/www.egemtv.com\/index.php?rest_route=\/wp\/v2\/posts\/59011","targetHints":{"allow":["GET"]}}],"collection":[{"href":"https:\/\/www.egemtv.com\/index.php?rest_route=\/wp\/v2\/posts"}],"about":[{"href":"https:\/\/www.egemtv.com\/index.php?rest_route=\/wp\/v2\/types\/post"}],"author":[{"embeddable":true,"href":"https:\/\/www.egemtv.com\/index.php?rest_route=\/wp\/v2\/users\/1"}],"replies":[{"embeddable":true,"href":"https:\/\/www.egemtv.com\/index.php?rest_route=%2Fwp%2Fv2%2Fcomments&post=59011"}],"version-history":[{"count":1,"href":"https:\/\/www.egemtv.com\/index.php?rest_route=\/wp\/v2\/posts\/59011\/revisions"}],"predecessor-version":[{"id":59013,"href":"https:\/\/www.egemtv.com\/index.php?rest_route=\/wp\/v2\/posts\/59011\/revisions\/59013"}],"wp:featuredmedia":[{"embeddable":true,"href":"https:\/\/www.egemtv.com\/index.php?rest_route=\/wp\/v2\/media\/59012"}],"wp:attachment":[{"href":"https:\/\/www.egemtv.com\/index.php?rest_route=%2Fwp%2Fv2%2Fmedia&parent=59011"}],"wp:term":[{"taxonomy":"category","embeddable":true,"href":"https:\/\/www.egemtv.com\/index.php?rest_route=%2Fwp%2Fv2%2Fcategories&post=59011"},{"taxonomy":"post_tag","embeddable":true,"href":"https:\/\/www.egemtv.com\/index.php?rest_route=%2Fwp%2Fv2%2Ftags&post=59011"}],"curies":[{"name":"wp","href":"https:\/\/api.w.org\/{rel}","templated":true}]}}