{"id":59008,"date":"2025-10-03T11:54:55","date_gmt":"2025-10-03T08:54:55","guid":{"rendered":"https:\/\/www.egemtv.com\/?p=59008"},"modified":"2025-10-03T11:54:57","modified_gmt":"2025-10-03T08:54:57","slug":"yaslilar-denizli-tarihinde-yolculuk-yapti","status":"publish","type":"post","link":"https:\/\/www.egemtv.com\/?p=59008","title":{"rendered":"Ya\u015fl\u0131lar Denizli tarihinde yolculuk yapt\u0131"},"content":{"rendered":"<p>Denizli \u0130l K\u00fclt\u00fcr ve Turizm M\u00fcd\u00fcrl\u00fc\u011f\u00fc ile Pamukkale Sosyal Hizmet Merkezi M\u00fcd\u00fcrl\u00fc\u011f\u00fc i\u015fbirli\u011finde, 2025 Aile Y\u0131l\u0131 etkinlikleri \u00e7er\u00e7evesinde ya\u015fl\u0131lara \u2018Denizli Kent M\u00fczesi\u2019 ziyareti d\u00fczenlendi.<\/p>\n<p>Denizli Vosvos Kul\u00fcb\u00fc \u00fcyelerinin de destek verdi\u011fi ziyarette ya\u015fl\u0131lar Vosvos minib\u00fcslerle Kent M\u00fczesine ula\u015f\u0131m sa\u011flad\u0131. Toplumun temel dire\u011fi olan ya\u015fl\u0131lar\u0131m\u0131z\u0131n de\u011ferini bir kez daha vurgulamak amac\u0131yla, 1 Ekim Ya\u015fl\u0131lar G\u00fcn\u00fcnde anlaml\u0131 bir k\u00fclt\u00fcrel etkinlik ger\u00e7ekle\u015ftirildi. Denizli \u0130l K\u00fclt\u00fcr ve Turizm M\u00fcd\u00fcrl\u00fc\u011f\u00fc, b\u00f6lgedeki ya\u015fl\u0131 vatanda\u015flar\u0131m\u0131z\u0131 Denizli\u2019nin tarihine \u0131\u015f\u0131k tutan Denizli Kent M\u00fczesi\u2019nde a\u011f\u0131rlad\u0131.<\/p>\n<p>Denizli \u0130l K\u00fclt\u00fcr ve Turizm M\u00fcd\u00fcr\u00fc H\u00fcdaverdi Otakl\u0131, ziyarete ili\u015fkin yapt\u0131\u011f\u0131 a\u00e7\u0131klamada, &#8220;2025 y\u0131l\u0131n\u0131n \u2019Aile Y\u0131l\u0131\u2019 olarak belirlenmesinin ta\u015f\u0131d\u0131\u011f\u0131 derin anlamla, ya\u015fl\u0131lar\u0131m\u0131z\u0131n toplumsal ya\u015famda ne kadar merkezi bir konumda oldu\u011funu bir kez daha hat\u0131rlatmak istedik. Onlar\u0131n deneyimleri, an\u0131lar\u0131 ve bilgelikleri, Kent M\u00fczemizde sergilenen ge\u00e7mi\u015fimizle m\u00fckemmel bir ba\u011f kuruyor. Bu ziyaret, b\u00fcy\u00fcklerimize vefa borcumuzu \u00f6deme ve onlar\u0131n k\u00fclt\u00fcrel hayata kat\u0131l\u0131mlar\u0131n\u0131 destekleme \u00e7abam\u0131z\u0131n bir par\u00e7as\u0131d\u0131r&#8221; dedi.<\/p>\n<p>Kent M\u00fczesi rehberleri e\u015fli\u011finde ger\u00e7ekle\u015fen ziyarette, ya\u015fl\u0131lar\u0131m\u0131z Denizli\u2019nin yak\u0131n ve uzak tarihi, geleneksel ya\u015fam k\u00fclt\u00fcr\u00fc ve kent haf\u0131zas\u0131na ait eserleri yak\u0131ndan inceleme f\u0131rsat\u0131 buldu ve tarihi Vosvos minib\u00fcslerle m\u00fczeden g\u00fczel hikayelerle ayr\u0131ld\u0131lar.<br \/><\/p>\n","protected":false},"excerpt":{"rendered":"<p>Denizli \u0130l K\u00fclt\u00fcr ve Turizm M\u00fcd\u00fcrl\u00fc\u011f\u00fc ile Pamukkale Sosyal Hizmet Merkezi M\u00fcd\u00fcrl\u00fc\u011f\u00fc i\u015fbirli\u011finde, 2025 Aile Y\u0131l\u0131 etkinlikleri \u00e7er\u00e7evesinde ya\u015fl\u0131lara \u2018Denizli Kent M\u00fczesi\u2019 ziyareti d\u00fczenlendi. Denizli Vosvos Kul\u00fcb\u00fc \u00fcyelerinin de destek verdi\u011fi ziyarette ya\u015fl\u0131lar Vosvos minib\u00fcslerle Kent M\u00fczesine ula\u015f\u0131m sa\u011flad\u0131. Toplumun temel dire\u011fi olan ya\u015fl\u0131lar\u0131m\u0131z\u0131n de\u011ferini bir kez daha vurgulamak amac\u0131yla, 1 Ekim Ya\u015fl\u0131lar G\u00fcn\u00fcnde anlaml\u0131&#8230;<\/p>\n","protected":false},"author":1,"featured_media":59009,"comment_status":"open","ping_status":"open","sticky":false,"template":"","format":"standard","meta":{"_crdt_document":"","footnotes":""},"categories":[1],"tags":[],"class_list":["post-59008","post","type-post","status-publish","format-standard","has-post-thumbnail","hentry","category-guncel"],"_links":{"self":[{"href":"https:\/\/www.egemtv.com\/index.php?rest_route=\/wp\/v2\/posts\/59008","targetHints":{"allow":["GET"]}}],"collection":[{"href":"https:\/\/www.egemtv.com\/index.php?rest_route=\/wp\/v2\/posts"}],"about":[{"href":"https:\/\/www.egemtv.com\/index.php?rest_route=\/wp\/v2\/types\/post"}],"author":[{"embeddable":true,"href":"https:\/\/www.egemtv.com\/index.php?rest_route=\/wp\/v2\/users\/1"}],"replies":[{"embeddable":true,"href":"https:\/\/www.egemtv.com\/index.php?rest_route=%2Fwp%2Fv2%2Fcomments&post=59008"}],"version-history":[{"count":1,"href":"https:\/\/www.egemtv.com\/index.php?rest_route=\/wp\/v2\/posts\/59008\/revisions"}],"predecessor-version":[{"id":59010,"href":"https:\/\/www.egemtv.com\/index.php?rest_route=\/wp\/v2\/posts\/59008\/revisions\/59010"}],"wp:featuredmedia":[{"embeddable":true,"href":"https:\/\/www.egemtv.com\/index.php?rest_route=\/wp\/v2\/media\/59009"}],"wp:attachment":[{"href":"https:\/\/www.egemtv.com\/index.php?rest_route=%2Fwp%2Fv2%2Fmedia&parent=59008"}],"wp:term":[{"taxonomy":"category","embeddable":true,"href":"https:\/\/www.egemtv.com\/index.php?rest_route=%2Fwp%2Fv2%2Fcategories&post=59008"},{"taxonomy":"post_tag","embeddable":true,"href":"https:\/\/www.egemtv.com\/index.php?rest_route=%2Fwp%2Fv2%2Ftags&post=59008"}],"curies":[{"name":"wp","href":"https:\/\/api.w.org\/{rel}","templated":true}]}}