{"id":59005,"date":"2025-10-03T11:35:07","date_gmt":"2025-10-03T08:35:07","guid":{"rendered":"https:\/\/www.egemtv.com\/?p=59005"},"modified":"2025-10-03T11:35:13","modified_gmt":"2025-10-03T08:35:13","slug":"kutahya-valisi-isindan-yapimi-devam-eden-ve-tamamlanan-spor-tesislerinde-inceleme","status":"publish","type":"post","link":"https:\/\/www.egemtv.com\/?p=59005","title":{"rendered":"K\u00fctahya Valisi I\u015f\u0131n\u2019dan yap\u0131m\u0131 devam eden ve tamamlanan spor tesislerinde inceleme"},"content":{"rendered":"<p>K\u00fctahya Valisi Musa I\u015f\u0131n, Gen\u00e7lik ve Spor \u0130l M\u00fcd\u00fcrl\u00fc\u011f\u00fcn\u00fc ziyaret ederek, ilde yap\u0131m\u0131 devam eden ve tamamlanan spor tesislerinde incelemelerde bulundu.<br \/>\n<br \/>Konuyla ilgili Gen\u00e7lik ve Spor \u0130l M\u00fcd\u00fcrl\u00fc\u011f\u00fcnden yap\u0131lan a\u00e7\u0131klamada,&#8221;Valimiz gen\u00e7lerimizin daha modern, daha donan\u0131ml\u0131 alanlarda spor yapabilmesi i\u00e7in y\u00fcr\u00fct\u00fclen \u00e7al\u0131\u015fmalar\u0131 yerinde de\u011ferlendirdi. Modern imkanlarla y\u00fckselen bu tesisler, gen\u00e7lerimizin spora daha kolay ula\u015fmas\u0131na ve her bran\u015fta kendilerini geli\u015ftirmelerine imkan sa\u011flayacak. \u015eehrimizin spor altyap\u0131s\u0131na kazand\u0131r\u0131lan yat\u0131r\u0131mlar, gelece\u011fe yap\u0131lan g\u00fc\u00e7l\u00fc bir ad\u0131m niteli\u011fi ta\u015f\u0131yor. Kurumumuza, spora ve gen\u00e7li\u011fimize her daim desteklerini esirgemeyen Valimiz Musa I\u015f\u0131n\u2019a \u015f\u00fckranlar\u0131m\u0131z\u0131 sunuyor, bu g\u00fc\u00e7l\u00fc destekle Sporun \u015eehri K\u00fctahya\u2019m\u0131zda gen\u00e7lerimize daha parlak bir gelecek haz\u0131rlamak i\u00e7in var g\u00fcc\u00fcm\u00fczle \u00e7al\u0131\u015fmaya devam ediyoruz&#8221; ifadelerine yer verildi.<br \/><\/p>\n","protected":false},"excerpt":{"rendered":"<p>K\u00fctahya Valisi Musa I\u015f\u0131n, Gen\u00e7lik ve Spor \u0130l M\u00fcd\u00fcrl\u00fc\u011f\u00fcn\u00fc ziyaret ederek, ilde yap\u0131m\u0131 devam eden ve tamamlanan spor tesislerinde incelemelerde bulundu. Konuyla ilgili Gen\u00e7lik ve Spor \u0130l M\u00fcd\u00fcrl\u00fc\u011f\u00fcnden yap\u0131lan a\u00e7\u0131klamada,&#8221;Valimiz gen\u00e7lerimizin daha modern, daha donan\u0131ml\u0131 alanlarda spor yapabilmesi i\u00e7in y\u00fcr\u00fct\u00fclen \u00e7al\u0131\u015fmalar\u0131 yerinde de\u011ferlendirdi. Modern imkanlarla y\u00fckselen bu tesisler, gen\u00e7lerimizin spora daha kolay ula\u015fmas\u0131na ve her&#8230;<\/p>\n","protected":false},"author":1,"featured_media":59006,"comment_status":"open","ping_status":"open","sticky":false,"template":"","format":"standard","meta":{"_crdt_document":"","footnotes":""},"categories":[4],"tags":[],"class_list":["post-59005","post","type-post","status-publish","format-standard","has-post-thumbnail","hentry","category-spor"],"_links":{"self":[{"href":"https:\/\/www.egemtv.com\/index.php?rest_route=\/wp\/v2\/posts\/59005","targetHints":{"allow":["GET"]}}],"collection":[{"href":"https:\/\/www.egemtv.com\/index.php?rest_route=\/wp\/v2\/posts"}],"about":[{"href":"https:\/\/www.egemtv.com\/index.php?rest_route=\/wp\/v2\/types\/post"}],"author":[{"embeddable":true,"href":"https:\/\/www.egemtv.com\/index.php?rest_route=\/wp\/v2\/users\/1"}],"replies":[{"embeddable":true,"href":"https:\/\/www.egemtv.com\/index.php?rest_route=%2Fwp%2Fv2%2Fcomments&post=59005"}],"version-history":[{"count":1,"href":"https:\/\/www.egemtv.com\/index.php?rest_route=\/wp\/v2\/posts\/59005\/revisions"}],"predecessor-version":[{"id":59007,"href":"https:\/\/www.egemtv.com\/index.php?rest_route=\/wp\/v2\/posts\/59005\/revisions\/59007"}],"wp:featuredmedia":[{"embeddable":true,"href":"https:\/\/www.egemtv.com\/index.php?rest_route=\/wp\/v2\/media\/59006"}],"wp:attachment":[{"href":"https:\/\/www.egemtv.com\/index.php?rest_route=%2Fwp%2Fv2%2Fmedia&parent=59005"}],"wp:term":[{"taxonomy":"category","embeddable":true,"href":"https:\/\/www.egemtv.com\/index.php?rest_route=%2Fwp%2Fv2%2Fcategories&post=59005"},{"taxonomy":"post_tag","embeddable":true,"href":"https:\/\/www.egemtv.com\/index.php?rest_route=%2Fwp%2Fv2%2Ftags&post=59005"}],"curies":[{"name":"wp","href":"https:\/\/api.w.org\/{rel}","templated":true}]}}