{"id":58999,"date":"2025-10-03T11:15:04","date_gmt":"2025-10-03T08:15:04","guid":{"rendered":"https:\/\/www.egemtv.com\/?p=58999"},"modified":"2025-10-03T11:15:11","modified_gmt":"2025-10-03T08:15:11","slug":"izmirdeki-depo-yangini-kontrol-altinda","status":"publish","type":"post","link":"https:\/\/www.egemtv.com\/?p=58999","title":{"rendered":"\u0130zmir\u2019deki depo yang\u0131n\u0131 kontrol alt\u0131nda"},"content":{"rendered":"<p>\u0130zmir\u2019in Bornova il\u00e7esinde bulunan bir depoda \u00e7\u0131kan yang\u0131n itfaiye ekiplerinin 3 saatlik \u00e7al\u0131\u015fmas\u0131 sonucu kontrol alt\u0131na al\u0131nd\u0131.<br \/>\n<br \/>Yang\u0131n saat 07.30 s\u0131ralar\u0131nda Barbaros Mahallesi Refik Tulga Caddesi\u2019nde bulunan bir depoda meydana geldi. Hen\u00fcz belirlenemeyen sebepten dolay\u0131 \u00e7\u0131kan yang\u0131ndan dolay\u0131 \u00e7\u0131kan yang\u0131n\u0131 fark edenler durumu 112 Acil \u00c7a\u011fr\u0131 Merkezine bildirdi. \u0130hbar \u00fczerine olay yerine gelen itfaiye ekipleri alevlere m\u00fcdahale ederken polis ekipleri de \u00e7evre g\u00fcvenli\u011fini sa\u011flad\u0131. Yanan malzemelerden dolay\u0131 zaman zaman patlamalar\u0131n meydana geldi\u011fi yang\u0131ndan \u00e7\u0131kan dumanlar kentin bir\u00e7ok noktas\u0131ndan g\u00f6r\u00fcld\u00fc. Alevlerin deponun yak\u0131n\u0131nda bulunan matbaaya s\u0131\u00e7ramamas\u0131 i\u00e7in \u00f6nlemler al\u0131nd\u0131.<br \/>\n<br \/>Vatanda\u015flar korku dolu anlar\u0131 anlatt\u0131<br \/>\n<br \/>Yang\u0131n\u0131n \u00e7\u0131kt\u0131\u011f\u0131 b\u00f6lgede oturan vatanda\u015flardan Ahmet T\u00fcrko\u011flu, &#8220;Yang\u0131n sabah\u0131n erken saatlerinde \u00e7\u0131kt\u0131, i\u00e7erideki hidrofor kazanlar\u0131n\u0131n patlamas\u0131yla da b\u00fcy\u00fcd\u00fc. Neyse ki evlere s\u0131\u00e7ramadan s\u00f6nd\u00fcr\u00fcld\u00fc yang\u0131n. Burada akrabalar\u0131m\u0131z ve yak\u0131nlar\u0131m\u0131z vard\u0131 \u00e7ok korktuk&#8221; dedi. Barbaros Mahallesi Muhtar\u0131 B\u00fclent Can ise, &#8220;Dumanlar\u0131 g\u00f6ren vatanda\u015flar\u0131n telefonuyla sabah hemen buraya geldim. Neyse ki ak\u015famdan bo\u015falt\u0131ld\u0131\u011f\u0131 i\u00e7in depoda kimse yokmu\u015f yang\u0131n esnas\u0131nda. Gece \u00e7at\u0131da yang\u0131n ba\u015flam\u0131\u015f san\u0131r\u0131m. \u0130tfaiye \u00e7at\u0131ya m\u00fcdahale etti\u011fi esnada i\u00e7erideki hidroforlar bomba gibi patlamaya ba\u015flad\u0131. Bu deponun hemen yan\u0131nda plastik boru deposu var. Onun da yan\u0131nda matbaa var. Yang\u0131n\u0131n buralara s\u0131\u00e7ramamas\u0131 i\u00e7in dua ettik. Neyse ki itfaiye o b\u00f6lgeden su tutarak ilerleyince \u00f6n\u00fcne ge\u00e7ildi ve \u015fu anda da kontrol alt\u0131nda&#8221; a\u00e7\u0131klamas\u0131nda bulundu.<br \/>\n<br \/>Kontrol alt\u0131nda<br \/>\n<br \/>Yang\u0131n itfaiye ekiplerinin \u00e7al\u0131\u015fmalar\u0131 sonucu 3 saat i\u00e7erisinde kontrol alt\u0131na al\u0131nd\u0131. Can kayb\u0131n\u0131n ya\u015fanmad\u0131\u011f\u0131 olayda tamamen yanan depo kullan\u0131lamaz hale geldi.<br \/><\/p>\n","protected":false},"excerpt":{"rendered":"<p>\u0130zmir\u2019in Bornova il\u00e7esinde bulunan bir depoda \u00e7\u0131kan yang\u0131n itfaiye ekiplerinin 3 saatlik \u00e7al\u0131\u015fmas\u0131 sonucu kontrol alt\u0131na al\u0131nd\u0131. Yang\u0131n saat 07.30 s\u0131ralar\u0131nda Barbaros Mahallesi Refik Tulga Caddesi\u2019nde bulunan bir depoda meydana geldi. Hen\u00fcz belirlenemeyen sebepten dolay\u0131 \u00e7\u0131kan yang\u0131ndan dolay\u0131 \u00e7\u0131kan yang\u0131n\u0131 fark edenler durumu 112 Acil \u00c7a\u011fr\u0131 Merkezine bildirdi. \u0130hbar \u00fczerine olay yerine gelen itfaiye ekipleri&#8230;<\/p>\n","protected":false},"author":1,"featured_media":59000,"comment_status":"open","ping_status":"open","sticky":false,"template":"","format":"standard","meta":{"_crdt_document":"","footnotes":""},"categories":[5],"tags":[],"class_list":["post-58999","post","type-post","status-publish","format-standard","has-post-thumbnail","hentry","category-asayis"],"_links":{"self":[{"href":"https:\/\/www.egemtv.com\/index.php?rest_route=\/wp\/v2\/posts\/58999","targetHints":{"allow":["GET"]}}],"collection":[{"href":"https:\/\/www.egemtv.com\/index.php?rest_route=\/wp\/v2\/posts"}],"about":[{"href":"https:\/\/www.egemtv.com\/index.php?rest_route=\/wp\/v2\/types\/post"}],"author":[{"embeddable":true,"href":"https:\/\/www.egemtv.com\/index.php?rest_route=\/wp\/v2\/users\/1"}],"replies":[{"embeddable":true,"href":"https:\/\/www.egemtv.com\/index.php?rest_route=%2Fwp%2Fv2%2Fcomments&post=58999"}],"version-history":[{"count":1,"href":"https:\/\/www.egemtv.com\/index.php?rest_route=\/wp\/v2\/posts\/58999\/revisions"}],"predecessor-version":[{"id":59001,"href":"https:\/\/www.egemtv.com\/index.php?rest_route=\/wp\/v2\/posts\/58999\/revisions\/59001"}],"wp:featuredmedia":[{"embeddable":true,"href":"https:\/\/www.egemtv.com\/index.php?rest_route=\/wp\/v2\/media\/59000"}],"wp:attachment":[{"href":"https:\/\/www.egemtv.com\/index.php?rest_route=%2Fwp%2Fv2%2Fmedia&parent=58999"}],"wp:term":[{"taxonomy":"category","embeddable":true,"href":"https:\/\/www.egemtv.com\/index.php?rest_route=%2Fwp%2Fv2%2Fcategories&post=58999"},{"taxonomy":"post_tag","embeddable":true,"href":"https:\/\/www.egemtv.com\/index.php?rest_route=%2Fwp%2Fv2%2Ftags&post=58999"}],"curies":[{"name":"wp","href":"https:\/\/api.w.org\/{rel}","templated":true}]}}