{"id":58996,"date":"2025-10-03T10:54:47","date_gmt":"2025-10-03T07:54:47","guid":{"rendered":"https:\/\/www.egemtv.com\/?p=58996"},"modified":"2025-10-03T10:54:50","modified_gmt":"2025-10-03T07:54:50","slug":"baskan-yildirimkaya-kabacada-menfez-ve-islah-calismalari-tamamlandi","status":"publish","type":"post","link":"https:\/\/www.egemtv.com\/?p=58996","title":{"rendered":"Ba\u015fkan Y\u0131ld\u0131r\u0131mkaya: &#8220;Kabaca\u2019da menfez ve \u0131slah \u00e7al\u0131\u015fmalar\u0131 tamamland\u0131&#8221;"},"content":{"rendered":"<p>Sultanhisar Belediyesi, il\u00e7eye ba\u011fl\u0131 Kabaca Mahallesi Kabak Deresi mevkiinde ba\u015flatt\u0131\u011f\u0131 menfez ve \u0131slah \u00e7al\u0131\u015fmalar\u0131n\u0131 tamamlad\u0131.<\/p>\n<p>Sultanhisar Belediyesi, Kabaca Mahallesi Kabak Deresi\u2019nde ba\u015flatt\u0131\u011f\u0131 menfez ve \u0131slah \u00e7al\u0131\u015fmalar\u0131n\u0131 tamamlayarak b\u00f6lge halk\u0131n\u0131n uzun s\u00fcredir ya\u015fad\u0131\u011f\u0131 altyap\u0131 sorunlar\u0131n\u0131 \u00e7\u00f6z\u00fcme kavu\u015fturdu. Belediye Ba\u015fkan\u0131 Osman Y\u0131ld\u0131r\u0131mkaya, \u00e7al\u0131\u015fman\u0131n b\u00f6lgedeki altyap\u0131 sorunlar\u0131n\u0131 \u00e7\u00f6zmeye y\u00f6nelik \u00f6nemli bir ad\u0131m oldu\u011funu belirterek, &#8220;Hem\u015fehrilerimizin g\u00fcvenli\u011fi ve ya\u015fam kalitesini art\u0131rmak i\u00e7in \u00e7al\u0131\u015fmalar\u0131m\u0131za aral\u0131ks\u0131z devam ediyoruz. Kabaca Mahallemiz Kabak Deresi mevkiinde ba\u015flad\u0131\u011f\u0131m\u0131z menfez ve \u0131slah \u00e7al\u0131\u015fmalar\u0131m\u0131z\u0131 tamamlad\u0131k&#8221; dedi. Tamamlanan menfez ve \u0131slah \u00e7al\u0131\u015fmalar\u0131yla birlikte, \u00f6zellikle ya\u011f\u0131\u015fl\u0131 d\u00f6nemlerde ya\u015fanabilecek olumsuzluklar\u0131n \u00f6n\u00fcne ge\u00e7ilmesi hedefleniyor. Ba\u015fkan Y\u0131ld\u0131r\u0131mkaya, mahalle halk\u0131na hay\u0131rl\u0131 olmas\u0131 temennisinde bulundu.<br \/><\/p>\n","protected":false},"excerpt":{"rendered":"<p>Sultanhisar Belediyesi, il\u00e7eye ba\u011fl\u0131 Kabaca Mahallesi Kabak Deresi mevkiinde ba\u015flatt\u0131\u011f\u0131 menfez ve \u0131slah \u00e7al\u0131\u015fmalar\u0131n\u0131 tamamlad\u0131. Sultanhisar Belediyesi, Kabaca Mahallesi Kabak Deresi\u2019nde ba\u015flatt\u0131\u011f\u0131 menfez ve \u0131slah \u00e7al\u0131\u015fmalar\u0131n\u0131 tamamlayarak b\u00f6lge halk\u0131n\u0131n uzun s\u00fcredir ya\u015fad\u0131\u011f\u0131 altyap\u0131 sorunlar\u0131n\u0131 \u00e7\u00f6z\u00fcme kavu\u015fturdu. Belediye Ba\u015fkan\u0131 Osman Y\u0131ld\u0131r\u0131mkaya, \u00e7al\u0131\u015fman\u0131n b\u00f6lgedeki altyap\u0131 sorunlar\u0131n\u0131 \u00e7\u00f6zmeye y\u00f6nelik \u00f6nemli bir ad\u0131m oldu\u011funu belirterek, &#8220;Hem\u015fehrilerimizin g\u00fcvenli\u011fi ve ya\u015fam&#8230;<\/p>\n","protected":false},"author":1,"featured_media":58997,"comment_status":"open","ping_status":"open","sticky":false,"template":"","format":"standard","meta":{"_crdt_document":"","footnotes":""},"categories":[1],"tags":[],"class_list":["post-58996","post","type-post","status-publish","format-standard","has-post-thumbnail","hentry","category-guncel"],"_links":{"self":[{"href":"https:\/\/www.egemtv.com\/index.php?rest_route=\/wp\/v2\/posts\/58996","targetHints":{"allow":["GET"]}}],"collection":[{"href":"https:\/\/www.egemtv.com\/index.php?rest_route=\/wp\/v2\/posts"}],"about":[{"href":"https:\/\/www.egemtv.com\/index.php?rest_route=\/wp\/v2\/types\/post"}],"author":[{"embeddable":true,"href":"https:\/\/www.egemtv.com\/index.php?rest_route=\/wp\/v2\/users\/1"}],"replies":[{"embeddable":true,"href":"https:\/\/www.egemtv.com\/index.php?rest_route=%2Fwp%2Fv2%2Fcomments&post=58996"}],"version-history":[{"count":1,"href":"https:\/\/www.egemtv.com\/index.php?rest_route=\/wp\/v2\/posts\/58996\/revisions"}],"predecessor-version":[{"id":58998,"href":"https:\/\/www.egemtv.com\/index.php?rest_route=\/wp\/v2\/posts\/58996\/revisions\/58998"}],"wp:featuredmedia":[{"embeddable":true,"href":"https:\/\/www.egemtv.com\/index.php?rest_route=\/wp\/v2\/media\/58997"}],"wp:attachment":[{"href":"https:\/\/www.egemtv.com\/index.php?rest_route=%2Fwp%2Fv2%2Fmedia&parent=58996"}],"wp:term":[{"taxonomy":"category","embeddable":true,"href":"https:\/\/www.egemtv.com\/index.php?rest_route=%2Fwp%2Fv2%2Fcategories&post=58996"},{"taxonomy":"post_tag","embeddable":true,"href":"https:\/\/www.egemtv.com\/index.php?rest_route=%2Fwp%2Fv2%2Ftags&post=58996"}],"curies":[{"name":"wp","href":"https:\/\/api.w.org\/{rel}","templated":true}]}}