{"id":58990,"date":"2025-10-03T10:54:41","date_gmt":"2025-10-03T07:54:41","guid":{"rendered":"https:\/\/www.egemtv.com\/?p=58990"},"modified":"2025-10-03T10:54:42","modified_gmt":"2025-10-03T07:54:42","slug":"burdur-seker-fabrikasinda-4-isci-karbonmonoksit-gazindan-zehirlendi","status":"publish","type":"post","link":"https:\/\/www.egemtv.com\/?p=58990","title":{"rendered":"Burdur \u015eeker Fabrikas\u0131\u2019nda 4 i\u015f\u00e7i karbonmonoksit gaz\u0131ndan zehirlendi"},"content":{"rendered":"<p>Burdur \u015eeker Fabrikas\u0131\u2019nda ikinci zehirlenme vakas\u0131 ya\u015fand\u0131. 4 i\u015f\u00e7i, karbonmonoksit gaz\u0131ndan zehirlenme \u015f\u00fcphesiyle hastaneye kald\u0131r\u0131ld\u0131.<br \/>\n<br \/>Edinilen bilgiye g\u00f6re, sabah saatlerinde Burdur \u015eeker Fabrikas\u0131\u2019nda 4 i\u015f\u00e7i kire\u00e7 ta\u015f\u0131ndan \u00e7\u0131kan karbonmonoksit gaz\u0131ndan rahats\u0131zland\u0131. \u0130hbar \u00fczerine fabrikaya \u00e7ok say\u0131da sa\u011fl\u0131k, polis ve AFAD ekibi sevk edildi. \u0130\u015f\u00e7iler sa\u011fl\u0131k ekiplerince yap\u0131lan ilk m\u00fcdahalenin ard\u0131ndan zehirlenme \u015f\u00fcphesiyle ambulanslarla Burdur Devlet Hastanesine kald\u0131r\u0131ld\u0131. Polis ve AFAD ekipleri olay yerinde inceleme yaparken, i\u015f\u00e7ilerin sa\u011fl\u0131k durumlar\u0131n\u0131n iyi oldu\u011fu \u00f6\u011frenildi.<br \/>\n<br \/>Ge\u00e7ti\u011fimiz \u00e7ar\u015famba g\u00fcn\u00fc de ayn\u0131 fabrikada \u00e7al\u0131\u015fan 7 i\u015f\u00e7i karbonmonoksit gaz\u0131ndan zehirlenme \u015f\u00fcphesiyle hastaneye kald\u0131r\u0131lm\u0131\u015ft\u0131. \u0130\u015f\u00e7iler ayn\u0131 g\u00fcn i\u00e7erisinde tedavileri tamamlanarak hastaneden taburcu edilmi\u015fti.<br \/>\n<br \/>Olayla ilgili tahkikat s\u00fcr\u00fcyor.<br \/><\/p>\n","protected":false},"excerpt":{"rendered":"<p>Burdur \u015eeker Fabrikas\u0131\u2019nda ikinci zehirlenme vakas\u0131 ya\u015fand\u0131. 4 i\u015f\u00e7i, karbonmonoksit gaz\u0131ndan zehirlenme \u015f\u00fcphesiyle hastaneye kald\u0131r\u0131ld\u0131. Edinilen bilgiye g\u00f6re, sabah saatlerinde Burdur \u015eeker Fabrikas\u0131\u2019nda 4 i\u015f\u00e7i kire\u00e7 ta\u015f\u0131ndan \u00e7\u0131kan karbonmonoksit gaz\u0131ndan rahats\u0131zland\u0131. \u0130hbar \u00fczerine fabrikaya \u00e7ok say\u0131da sa\u011fl\u0131k, polis ve AFAD ekibi sevk edildi. \u0130\u015f\u00e7iler sa\u011fl\u0131k ekiplerince yap\u0131lan ilk m\u00fcdahalenin ard\u0131ndan zehirlenme \u015f\u00fcphesiyle ambulanslarla Burdur Devlet&#8230;<\/p>\n","protected":false},"author":1,"featured_media":58991,"comment_status":"open","ping_status":"open","sticky":false,"template":"","format":"standard","meta":{"_crdt_document":"","footnotes":""},"categories":[5],"tags":[],"class_list":["post-58990","post","type-post","status-publish","format-standard","has-post-thumbnail","hentry","category-asayis"],"_links":{"self":[{"href":"https:\/\/www.egemtv.com\/index.php?rest_route=\/wp\/v2\/posts\/58990","targetHints":{"allow":["GET"]}}],"collection":[{"href":"https:\/\/www.egemtv.com\/index.php?rest_route=\/wp\/v2\/posts"}],"about":[{"href":"https:\/\/www.egemtv.com\/index.php?rest_route=\/wp\/v2\/types\/post"}],"author":[{"embeddable":true,"href":"https:\/\/www.egemtv.com\/index.php?rest_route=\/wp\/v2\/users\/1"}],"replies":[{"embeddable":true,"href":"https:\/\/www.egemtv.com\/index.php?rest_route=%2Fwp%2Fv2%2Fcomments&post=58990"}],"version-history":[{"count":1,"href":"https:\/\/www.egemtv.com\/index.php?rest_route=\/wp\/v2\/posts\/58990\/revisions"}],"predecessor-version":[{"id":58992,"href":"https:\/\/www.egemtv.com\/index.php?rest_route=\/wp\/v2\/posts\/58990\/revisions\/58992"}],"wp:featuredmedia":[{"embeddable":true,"href":"https:\/\/www.egemtv.com\/index.php?rest_route=\/wp\/v2\/media\/58991"}],"wp:attachment":[{"href":"https:\/\/www.egemtv.com\/index.php?rest_route=%2Fwp%2Fv2%2Fmedia&parent=58990"}],"wp:term":[{"taxonomy":"category","embeddable":true,"href":"https:\/\/www.egemtv.com\/index.php?rest_route=%2Fwp%2Fv2%2Fcategories&post=58990"},{"taxonomy":"post_tag","embeddable":true,"href":"https:\/\/www.egemtv.com\/index.php?rest_route=%2Fwp%2Fv2%2Ftags&post=58990"}],"curies":[{"name":"wp","href":"https:\/\/api.w.org\/{rel}","templated":true}]}}