{"id":58987,"date":"2025-10-03T10:54:35","date_gmt":"2025-10-03T07:54:35","guid":{"rendered":"https:\/\/www.egemtv.com\/?p=58987"},"modified":"2025-10-03T10:54:38","modified_gmt":"2025-10-03T07:54:38","slug":"melek-mosso-2-yillik-esinden-ayrildi","status":"publish","type":"post","link":"https:\/\/www.egemtv.com\/?p=58987","title":{"rendered":"Melek Mosso 2 y\u0131ll\u0131k e\u015finden ayr\u0131ld\u0131"},"content":{"rendered":"<p>Denizlili sanat\u00e7\u0131 Melek Mosso, iki y\u0131l \u00f6nce nikah masas\u0131na oturdu\u011fu basketbolcu ve model e\u015fi Serkan Sa\u011fd\u0131\u00e7\u2019tan bo\u015fand\u0131.<br \/>\n<br \/>Denizlili sanat\u00e7\u0131 Melek Mosso, klibinde oynad\u0131ktan sonra a\u015fk ya\u015famaya ba\u015flad\u0131\u011f\u0131 Serkan Sa\u011fd\u0131\u00e7 ile iki y\u0131ll\u0131k birlikteli\u011finin ard\u0131ndan 2023 y\u0131l\u0131nda d\u00fcnyaevine girmi\u015fti. Gen\u00e7 \u00e7iftin evliliklerinde sorun oldu\u011fu s\u0131k s\u0131k g\u00fcndeme geliyordu. \u00dcnl\u00fc \u00e7iftin yollar\u0131n\u0131 ay\u0131rd\u0131\u011f\u0131 ortaya \u00e7\u0131kt\u0131. 2 y\u0131ll\u0131k evliliklerinin tek celsede bitmesinin ard\u0131ndan Melek Mosso\u2019dan a\u00e7\u0131klama geldi.<br \/>\n<br \/>Mosso sosyal medya hesab\u0131 \u00fcrerinden yapt\u0131\u011f\u0131 a\u00e7\u0131klamada \u015fu ifadelere yer verdi:<br \/>\n<br \/>&#8220;Yakla\u015f\u0131k iki y\u0131ld\u0131r sevgi, sayg\u0131 ve g\u00fczel hat\u0131ralarla s\u00fcrd\u00fcrd\u00fc\u011f\u00fcm\u00fcz evlili\u011fimizi, ortak bir kararla fikir ayr\u0131l\u0131klar\u0131 sebebiyle dostane bir \u015fekilde sonland\u0131rmaya karar verdik. Birbirimizin hayat\u0131nda her zaman \u00f6zel bir yere sahip olduk, bundan sonra da birbirimize destek olmaya ve g\u00fczel hat\u0131ralarla hat\u0131rlamaya devam edece\u011fiz. Bu s\u00fcre\u00e7le ilgili yaln\u0131zca bizim s\u00f6zlerimize itibar edilmesini, bunun d\u0131\u015f\u0131ndaki hi\u00e7bir a\u00e7\u0131klaman\u0131n ger\u00e7e\u011fi yans\u0131tmad\u0131\u011f\u0131n\u0131 \u00f6nemle belirtiriz. G\u00f6sterdi\u011finiz anlay\u0131\u015f, sayg\u0131 ve hassasiyet i\u00e7in te\u015fekk\u00fcr ederiz.&#8221;<br \/><\/p>\n","protected":false},"excerpt":{"rendered":"<p>Denizlili sanat\u00e7\u0131 Melek Mosso, iki y\u0131l \u00f6nce nikah masas\u0131na oturdu\u011fu basketbolcu ve model e\u015fi Serkan Sa\u011fd\u0131\u00e7\u2019tan bo\u015fand\u0131. Denizlili sanat\u00e7\u0131 Melek Mosso, klibinde oynad\u0131ktan sonra a\u015fk ya\u015famaya ba\u015flad\u0131\u011f\u0131 Serkan Sa\u011fd\u0131\u00e7 ile iki y\u0131ll\u0131k birlikteli\u011finin ard\u0131ndan 2023 y\u0131l\u0131nda d\u00fcnyaevine girmi\u015fti. Gen\u00e7 \u00e7iftin evliliklerinde sorun oldu\u011fu s\u0131k s\u0131k g\u00fcndeme geliyordu. \u00dcnl\u00fc \u00e7iftin yollar\u0131n\u0131 ay\u0131rd\u0131\u011f\u0131 ortaya \u00e7\u0131kt\u0131. 2 y\u0131ll\u0131k&#8230;<\/p>\n","protected":false},"author":1,"featured_media":58988,"comment_status":"open","ping_status":"open","sticky":false,"template":"","format":"standard","meta":{"_crdt_document":"","footnotes":""},"categories":[1],"tags":[],"class_list":["post-58987","post","type-post","status-publish","format-standard","has-post-thumbnail","hentry","category-guncel"],"_links":{"self":[{"href":"https:\/\/www.egemtv.com\/index.php?rest_route=\/wp\/v2\/posts\/58987","targetHints":{"allow":["GET"]}}],"collection":[{"href":"https:\/\/www.egemtv.com\/index.php?rest_route=\/wp\/v2\/posts"}],"about":[{"href":"https:\/\/www.egemtv.com\/index.php?rest_route=\/wp\/v2\/types\/post"}],"author":[{"embeddable":true,"href":"https:\/\/www.egemtv.com\/index.php?rest_route=\/wp\/v2\/users\/1"}],"replies":[{"embeddable":true,"href":"https:\/\/www.egemtv.com\/index.php?rest_route=%2Fwp%2Fv2%2Fcomments&post=58987"}],"version-history":[{"count":1,"href":"https:\/\/www.egemtv.com\/index.php?rest_route=\/wp\/v2\/posts\/58987\/revisions"}],"predecessor-version":[{"id":58989,"href":"https:\/\/www.egemtv.com\/index.php?rest_route=\/wp\/v2\/posts\/58987\/revisions\/58989"}],"wp:featuredmedia":[{"embeddable":true,"href":"https:\/\/www.egemtv.com\/index.php?rest_route=\/wp\/v2\/media\/58988"}],"wp:attachment":[{"href":"https:\/\/www.egemtv.com\/index.php?rest_route=%2Fwp%2Fv2%2Fmedia&parent=58987"}],"wp:term":[{"taxonomy":"category","embeddable":true,"href":"https:\/\/www.egemtv.com\/index.php?rest_route=%2Fwp%2Fv2%2Fcategories&post=58987"},{"taxonomy":"post_tag","embeddable":true,"href":"https:\/\/www.egemtv.com\/index.php?rest_route=%2Fwp%2Fv2%2Ftags&post=58987"}],"curies":[{"name":"wp","href":"https:\/\/api.w.org\/{rel}","templated":true}]}}