{"id":58984,"date":"2025-10-03T10:34:46","date_gmt":"2025-10-03T07:34:46","guid":{"rendered":"https:\/\/www.egemtv.com\/?p=58984"},"modified":"2025-10-03T10:34:47","modified_gmt":"2025-10-03T07:34:47","slug":"kutahya-osb-kalite-standartlarinda-onemli-bir-basariya-imza-atti","status":"publish","type":"post","link":"https:\/\/www.egemtv.com\/?p=58984","title":{"rendered":"K\u00fctahya OSB, kalite standartlar\u0131nda \u00f6nemli bir ba\u015far\u0131ya imza att\u0131"},"content":{"rendered":"<p>K\u00fctahya Organize Sanayi B\u00f6lgesi (OSB), uluslararas\u0131 kalite standartlar\u0131nda \u00f6nemli bir ba\u015far\u0131ya daha imza att\u0131.<br \/>\n<br \/>Aral\u0131k 2023\u2019te enerji y\u00f6netiminde ilk b\u00fcy\u00fck ad\u0131m\u0131n\u0131 atarak ISO 50001 Enerji Y\u00f6netim Sistemi Belgesini alan K\u00fctahya OSB M\u00fcd\u00fcrl\u00fc\u011f\u00fc, \u015fimdi de ISO 9001 Kalite Y\u00f6netim Sistemi ve ISO 14001 \u00c7evre Y\u00f6netim Sistemi belgelerini almaya hak kazand\u0131. Titiz ve yo\u011fun \u00e7al\u0131\u015fmalar sonucunda elde edilen belgeler, TSE Belgelendirme M\u00fcd\u00fcr\u00fc Burak Tuna taraf\u0131ndan K\u00fctahya OSB M\u00fcd\u00fcr\u00fc Tunahan Ergin\u2019e teslim edildi.<br \/>\n<br \/>Elde edilen belgelerle K\u00fctahya OSB\u2019nin, hem y\u00f6netim kalitesi hem de \u00e7evreye duyarl\u0131 yakla\u015f\u0131m\u0131yla b\u00f6lgesel ve ulusal sanayiye \u00f6rnek bir kurum kimli\u011fi kazand\u0131\u011f\u0131n\u0131 s\u00f6yleyen K\u00fctahya OSB Y\u00f6netim Kurulu Ba\u015fkan\u0131 Tolga Eskio\u011flu, &#8220;K\u00fctahya Organize Sanayi B\u00f6lgesi olarak sadece sanayi \u00fcretiminde de\u011fil, kalite ve s\u00fcrd\u00fcr\u00fclebilirlikte de \u00f6rnek olmay\u0131 hedefliyoruz. ISO 9001 ve 14001 belgelerimizi almam\u0131z, b\u00f6lgemizin kurumsal vizyonunu ve \u00e7evreye duyarl\u0131 y\u00f6netim anlay\u0131\u015f\u0131n\u0131 bir kez daha ortaya koymu\u015ftur. Sanayicilerimize en kaliteli hizmeti sunarken, \u00e7evreyi korumaya ve enerji verimlili\u011fini art\u0131rmaya devam edece\u011fiz. Bu \u00f6nemli geli\u015fme, K\u00fctahya OSB\u2019nin yaln\u0131zca sanayi \u00fcretimine de\u011fil, ayn\u0131 zamanda s\u00fcrd\u00fcr\u00fclebilirlik, \u00e7evre duyarl\u0131l\u0131\u011f\u0131 ve kurumsal kalite standartlar\u0131n\u0131n y\u00fckseltilmesine verdi\u011fi \u00f6nemin de g\u00fc\u00e7l\u00fc bir g\u00f6stergesi olmu\u015ftur. K\u00fctahya OSB, bundan sonraki s\u00fcre\u00e7te de sanayicilere daha kaliteli hizmet sunma, \u00e7evreyi koruma ve enerji verimlili\u011fini art\u0131rma y\u00f6n\u00fcndeki \u00e7al\u0131\u015fmalar\u0131n\u0131 kararl\u0131l\u0131kla s\u00fcrd\u00fcrecektir&#8221; ifadelerine yer verdi.<br \/><\/p>\n","protected":false},"excerpt":{"rendered":"<p>K\u00fctahya Organize Sanayi B\u00f6lgesi (OSB), uluslararas\u0131 kalite standartlar\u0131nda \u00f6nemli bir ba\u015far\u0131ya daha imza att\u0131. Aral\u0131k 2023\u2019te enerji y\u00f6netiminde ilk b\u00fcy\u00fck ad\u0131m\u0131n\u0131 atarak ISO 50001 Enerji Y\u00f6netim Sistemi Belgesini alan K\u00fctahya OSB M\u00fcd\u00fcrl\u00fc\u011f\u00fc, \u015fimdi de ISO 9001 Kalite Y\u00f6netim Sistemi ve ISO 14001 \u00c7evre Y\u00f6netim Sistemi belgelerini almaya hak kazand\u0131. Titiz ve yo\u011fun \u00e7al\u0131\u015fmalar sonucunda elde&#8230;<\/p>\n","protected":false},"author":1,"featured_media":58985,"comment_status":"open","ping_status":"open","sticky":false,"template":"","format":"standard","meta":{"_crdt_document":"","footnotes":""},"categories":[125],"tags":[],"class_list":["post-58984","post","type-post","status-publish","format-standard","has-post-thumbnail","hentry","category-ekonomi"],"_links":{"self":[{"href":"https:\/\/www.egemtv.com\/index.php?rest_route=\/wp\/v2\/posts\/58984","targetHints":{"allow":["GET"]}}],"collection":[{"href":"https:\/\/www.egemtv.com\/index.php?rest_route=\/wp\/v2\/posts"}],"about":[{"href":"https:\/\/www.egemtv.com\/index.php?rest_route=\/wp\/v2\/types\/post"}],"author":[{"embeddable":true,"href":"https:\/\/www.egemtv.com\/index.php?rest_route=\/wp\/v2\/users\/1"}],"replies":[{"embeddable":true,"href":"https:\/\/www.egemtv.com\/index.php?rest_route=%2Fwp%2Fv2%2Fcomments&post=58984"}],"version-history":[{"count":1,"href":"https:\/\/www.egemtv.com\/index.php?rest_route=\/wp\/v2\/posts\/58984\/revisions"}],"predecessor-version":[{"id":58986,"href":"https:\/\/www.egemtv.com\/index.php?rest_route=\/wp\/v2\/posts\/58984\/revisions\/58986"}],"wp:featuredmedia":[{"embeddable":true,"href":"https:\/\/www.egemtv.com\/index.php?rest_route=\/wp\/v2\/media\/58985"}],"wp:attachment":[{"href":"https:\/\/www.egemtv.com\/index.php?rest_route=%2Fwp%2Fv2%2Fmedia&parent=58984"}],"wp:term":[{"taxonomy":"category","embeddable":true,"href":"https:\/\/www.egemtv.com\/index.php?rest_route=%2Fwp%2Fv2%2Fcategories&post=58984"},{"taxonomy":"post_tag","embeddable":true,"href":"https:\/\/www.egemtv.com\/index.php?rest_route=%2Fwp%2Fv2%2Ftags&post=58984"}],"curies":[{"name":"wp","href":"https:\/\/api.w.org\/{rel}","templated":true}]}}