{"id":58981,"date":"2025-10-03T10:34:42","date_gmt":"2025-10-03T07:34:42","guid":{"rendered":"https:\/\/www.egemtv.com\/?p=58981"},"modified":"2025-10-03T10:34:44","modified_gmt":"2025-10-03T07:34:44","slug":"fatih-ortaokulunda-75-ogrenciye-trafik-guvenligi-egitimi","status":"publish","type":"post","link":"https:\/\/www.egemtv.com\/?p=58981","title":{"rendered":"Fatih Ortaokulu\u2019nda 75 \u00f6\u011frenciye trafik g\u00fcvenli\u011fi e\u011fitimi"},"content":{"rendered":"<p>Afyonkarahisar\u2019da polis ekiplerince Fatih Ortaokulu\u2019nda 75 \u00f6\u011frenciye \u2019Trafik G\u00fcvenli\u011fi\u2019 konulu uygulamal\u0131 e\u011fitim verildi.<br \/>\n<br \/>\u2019Trafik G\u00fcvenli\u011fi Eylem Plan\u0131\u2019 \u00e7er\u00e7evesinde, \u015euhut \u0130l\u00e7e Emniyet M\u00fcd\u00fcrl\u00fc\u011f\u00fc Trafik Tescil ve Denetleme B\u00fcro Amirli\u011fi ekiplerince \u00f6\u011frencilere y\u00f6nelik fark\u0131ndal\u0131k \u00e7al\u0131\u015fmas\u0131 yap\u0131ld\u0131. Polis ekiplerince, Fatih Ortaokulu\u2019nda 75 \u00f6\u011frenciye uygulamal\u0131 e\u011fitim verildi. \u2019Trafik G\u00fcvenli\u011fi\u2019 konulu e\u011fitimde \u00f6\u011frencilere; trafikte yaya olarak dikkat edilmesi gereken kurallar, emniyet kemeri kullan\u0131m\u0131, trafik \u0131\u015f\u0131klar\u0131n\u0131n anlam\u0131, okul ge\u00e7itlerinde g\u00fcvenli ge\u00e7i\u015f ile bisiklet ve skuter kullan\u0131rken al\u0131nmas\u0131 gereken tedbirler gibi konular aktar\u0131ld\u0131. Ayr\u0131ca, g\u00f6rseller ve interaktif sunumlar ile do\u011fru davran\u0131\u015f modelleri g\u00f6sterildi. E\u011fitim sonunda \u00f6\u011frencilere bilgilendirici bro\u015f\u00fcrler ve k\u00fc\u00e7\u00fck hediyeler da\u011f\u0131t\u0131ld\u0131. Yetkililer, gelece\u011fin s\u00fcr\u00fcc\u00fclerine ve yayalar\u0131na erken ya\u015fta trafik bilinci kazand\u0131rman\u0131n hedeflendi\u011fini vurgulad\u0131.<br \/>\n<br \/>\u015euhut \u0130l\u00e7e Emniyet M\u00fcd\u00fcrl\u00fc\u011f\u00fc\u2019nden yap\u0131lan a\u00e7\u0131klamada, &#8220;Trafik kazalar\u0131n\u0131n \u00f6nlenmesi ve g\u00fcvenli bir ula\u015f\u0131m bilincinin k\u00fc\u00e7\u00fck ya\u015flarda kazand\u0131r\u0131lmas\u0131 i\u00e7in \u00e7al\u0131\u015fmalar\u0131m\u0131z\u0131 s\u00fcrd\u00fcr\u00fcyoruz. \u00d6\u011frencilerimizin trafik kurallar\u0131na duyarl\u0131 bireyler olarak yeti\u015fmesi i\u00e7in benzer etkinlikler devam edecek&#8221; ifadelerine yer verildi.<br \/><\/p>\n","protected":false},"excerpt":{"rendered":"<p>Afyonkarahisar\u2019da polis ekiplerince Fatih Ortaokulu\u2019nda 75 \u00f6\u011frenciye \u2019Trafik G\u00fcvenli\u011fi\u2019 konulu uygulamal\u0131 e\u011fitim verildi. \u2019Trafik G\u00fcvenli\u011fi Eylem Plan\u0131\u2019 \u00e7er\u00e7evesinde, \u015euhut \u0130l\u00e7e Emniyet M\u00fcd\u00fcrl\u00fc\u011f\u00fc Trafik Tescil ve Denetleme B\u00fcro Amirli\u011fi ekiplerince \u00f6\u011frencilere y\u00f6nelik fark\u0131ndal\u0131k \u00e7al\u0131\u015fmas\u0131 yap\u0131ld\u0131. Polis ekiplerince, Fatih Ortaokulu\u2019nda 75 \u00f6\u011frenciye uygulamal\u0131 e\u011fitim verildi. \u2019Trafik G\u00fcvenli\u011fi\u2019 konulu e\u011fitimde \u00f6\u011frencilere; trafikte yaya olarak dikkat edilmesi gereken kurallar,&#8230;<\/p>\n","protected":false},"author":1,"featured_media":58982,"comment_status":"open","ping_status":"open","sticky":false,"template":"","format":"standard","meta":{"_crdt_document":"","footnotes":""},"categories":[1],"tags":[],"class_list":["post-58981","post","type-post","status-publish","format-standard","has-post-thumbnail","hentry","category-guncel"],"_links":{"self":[{"href":"https:\/\/www.egemtv.com\/index.php?rest_route=\/wp\/v2\/posts\/58981","targetHints":{"allow":["GET"]}}],"collection":[{"href":"https:\/\/www.egemtv.com\/index.php?rest_route=\/wp\/v2\/posts"}],"about":[{"href":"https:\/\/www.egemtv.com\/index.php?rest_route=\/wp\/v2\/types\/post"}],"author":[{"embeddable":true,"href":"https:\/\/www.egemtv.com\/index.php?rest_route=\/wp\/v2\/users\/1"}],"replies":[{"embeddable":true,"href":"https:\/\/www.egemtv.com\/index.php?rest_route=%2Fwp%2Fv2%2Fcomments&post=58981"}],"version-history":[{"count":1,"href":"https:\/\/www.egemtv.com\/index.php?rest_route=\/wp\/v2\/posts\/58981\/revisions"}],"predecessor-version":[{"id":58983,"href":"https:\/\/www.egemtv.com\/index.php?rest_route=\/wp\/v2\/posts\/58981\/revisions\/58983"}],"wp:featuredmedia":[{"embeddable":true,"href":"https:\/\/www.egemtv.com\/index.php?rest_route=\/wp\/v2\/media\/58982"}],"wp:attachment":[{"href":"https:\/\/www.egemtv.com\/index.php?rest_route=%2Fwp%2Fv2%2Fmedia&parent=58981"}],"wp:term":[{"taxonomy":"category","embeddable":true,"href":"https:\/\/www.egemtv.com\/index.php?rest_route=%2Fwp%2Fv2%2Fcategories&post=58981"},{"taxonomy":"post_tag","embeddable":true,"href":"https:\/\/www.egemtv.com\/index.php?rest_route=%2Fwp%2Fv2%2Ftags&post=58981"}],"curies":[{"name":"wp","href":"https:\/\/api.w.org\/{rel}","templated":true}]}}