{"id":58978,"date":"2025-10-03T10:34:39","date_gmt":"2025-10-03T07:34:39","guid":{"rendered":"https:\/\/www.egemtv.com\/?p=58978"},"modified":"2025-10-03T10:34:41","modified_gmt":"2025-10-03T07:34:41","slug":"suhutta-dunya-yaslilar-gununde-anlamli-ziyaret","status":"publish","type":"post","link":"https:\/\/www.egemtv.com\/?p=58978","title":{"rendered":"\u015euhut\u2019ta D\u00fcnya Ya\u015fl\u0131lar G\u00fcn\u00fc\u2019nde anlaml\u0131 ziyaret"},"content":{"rendered":"<p>Afyonkarahisar\u2019da 1 Ekim D\u00fcnya Ya\u015fl\u0131lar G\u00fcn\u00fc dolay\u0131s\u0131yla \u015euhut Kaymakam\u0131 \u0130zzet Cem Eser, kurum amirleriyle birlikte il\u00e7ede ya\u015fayan ya\u015fl\u0131 vatanda\u015flar\u0131 ziyaret ederek hay\u0131r dualar\u0131n\u0131 ald\u0131.<br \/>\n<br \/>Ziyaretler \u00e7er\u00e7evesinde Kaymakam Eser ve beraberindeki heyet, ya\u015fl\u0131lar\u0131n talep ve ihtiya\u00e7lar\u0131n\u0131 yerinde dinledi. \u0130l\u00e7edeki ya\u015fl\u0131 vatanda\u015flara \u00e7e\u015fitli hediyeler takdim edilirken, hal ve hat\u0131rlar\u0131 soruldu. Ziyaretten duyduklar\u0131 memnuniyeti dile getiren b\u00fcy\u00fckler ise, Kaymakam Eser ve beraberindeki heyete te\u015fekk\u00fcrlerini iletti.<br \/>\n<br \/>\u0130l\u00e7edeki huzurlu ve sayg\u0131 dolu ya\u015fam\u0131n devam\u0131 i\u00e7in kamu kurumlar\u0131n\u0131n her zaman ya\u015fl\u0131lar\u0131n yan\u0131nda oldu\u011funu vurgulayan \u015euhut Kaymakam\u0131 \u0130zzet Cem Eser, &#8220;Hayat tecr\u00fcbeleriyle bizlere yol g\u00f6steren b\u00fcy\u00fcklerimiz, toplumumuzun haf\u0131zas\u0131 ve en k\u0131ymetli de\u011ferlerimizdir. Onlara g\u00f6sterilecek ilgi ve sevgi, insanl\u0131\u011f\u0131m\u0131z\u0131n en \u00f6nemli g\u00f6stergesidir&#8221; dedi.<br \/><\/p>\n","protected":false},"excerpt":{"rendered":"<p>Afyonkarahisar\u2019da 1 Ekim D\u00fcnya Ya\u015fl\u0131lar G\u00fcn\u00fc dolay\u0131s\u0131yla \u015euhut Kaymakam\u0131 \u0130zzet Cem Eser, kurum amirleriyle birlikte il\u00e7ede ya\u015fayan ya\u015fl\u0131 vatanda\u015flar\u0131 ziyaret ederek hay\u0131r dualar\u0131n\u0131 ald\u0131. Ziyaretler \u00e7er\u00e7evesinde Kaymakam Eser ve beraberindeki heyet, ya\u015fl\u0131lar\u0131n talep ve ihtiya\u00e7lar\u0131n\u0131 yerinde dinledi. \u0130l\u00e7edeki ya\u015fl\u0131 vatanda\u015flara \u00e7e\u015fitli hediyeler takdim edilirken, hal ve hat\u0131rlar\u0131 soruldu. Ziyaretten duyduklar\u0131 memnuniyeti dile getiren b\u00fcy\u00fckler ise,&#8230;<\/p>\n","protected":false},"author":1,"featured_media":58979,"comment_status":"open","ping_status":"open","sticky":false,"template":"","format":"standard","meta":{"_crdt_document":"","footnotes":""},"categories":[123],"tags":[],"class_list":["post-58978","post","type-post","status-publish","format-standard","has-post-thumbnail","hentry","category-gundem"],"_links":{"self":[{"href":"https:\/\/www.egemtv.com\/index.php?rest_route=\/wp\/v2\/posts\/58978","targetHints":{"allow":["GET"]}}],"collection":[{"href":"https:\/\/www.egemtv.com\/index.php?rest_route=\/wp\/v2\/posts"}],"about":[{"href":"https:\/\/www.egemtv.com\/index.php?rest_route=\/wp\/v2\/types\/post"}],"author":[{"embeddable":true,"href":"https:\/\/www.egemtv.com\/index.php?rest_route=\/wp\/v2\/users\/1"}],"replies":[{"embeddable":true,"href":"https:\/\/www.egemtv.com\/index.php?rest_route=%2Fwp%2Fv2%2Fcomments&post=58978"}],"version-history":[{"count":1,"href":"https:\/\/www.egemtv.com\/index.php?rest_route=\/wp\/v2\/posts\/58978\/revisions"}],"predecessor-version":[{"id":58980,"href":"https:\/\/www.egemtv.com\/index.php?rest_route=\/wp\/v2\/posts\/58978\/revisions\/58980"}],"wp:featuredmedia":[{"embeddable":true,"href":"https:\/\/www.egemtv.com\/index.php?rest_route=\/wp\/v2\/media\/58979"}],"wp:attachment":[{"href":"https:\/\/www.egemtv.com\/index.php?rest_route=%2Fwp%2Fv2%2Fmedia&parent=58978"}],"wp:term":[{"taxonomy":"category","embeddable":true,"href":"https:\/\/www.egemtv.com\/index.php?rest_route=%2Fwp%2Fv2%2Fcategories&post=58978"},{"taxonomy":"post_tag","embeddable":true,"href":"https:\/\/www.egemtv.com\/index.php?rest_route=%2Fwp%2Fv2%2Ftags&post=58978"}],"curies":[{"name":"wp","href":"https:\/\/api.w.org\/{rel}","templated":true}]}}