{"id":58972,"date":"2025-10-03T10:15:00","date_gmt":"2025-10-03T07:15:00","guid":{"rendered":"https:\/\/www.egemtv.com\/?p=58972"},"modified":"2025-10-03T10:15:01","modified_gmt":"2025-10-03T07:15:01","slug":"mesleki-egitimde-dijital-devrim","status":"publish","type":"post","link":"https:\/\/www.egemtv.com\/?p=58972","title":{"rendered":"Mesleki e\u011fitimde dijital devrim"},"content":{"rendered":"<p>Ya\u015far \u00dcniversitesi ve Manisa OSB Mesleki ve Teknik Anadolu Lisesi\u2019nin hayata ge\u00e7irdi\u011fi EDU-VERSE Projesi ile sanal ortamda meslek lisesinin dijital ikizi olu\u015fturuldu. B\u00f6ylece uzaktan e\u011fitim yeni bir boyuta ta\u015f\u0131nd\u0131.<br \/>\n<br \/>T\u00fcrkiye\u2019den Ya\u015far \u00dcniversitesi \u00f6nc\u00fcl\u00fc\u011f\u00fcnde, Manisa Valili\u011fi koordinasyonunda ve Manisa OSB Mesleki ve Teknik Anadolu Lisesi (MOSTEM) ile Institute of Entrepreneurship Development (iED) (Yunanistan), Universitat Jaume I de Castellon (UJI) (\u0130spanya) ve Confartigianato-Imprese Terni (Italya) ortakl\u0131\u011f\u0131nda y\u00fcr\u00fct\u00fclen Avrupa Birli\u011fi destekli EDU-VERSE Projesi, s\u0131n\u0131flar\u0131 metaverse ortam\u0131na ta\u015f\u0131yor.<br \/>\n<br \/>Avrupa Birli\u011fi\u2019nin Erasmus+ program\u0131 kapsam\u0131nda; y\u00fcr\u00fct\u00fclen EDU-VERSE Projesi, mesleki e\u011fitimi dijital \u00e7a\u011fa entegre etmeyi ama\u00e7l\u0131yor, yaratt\u0131\u011f\u0131 olas\u0131 \u00f6\u011frenme evrenleri ile e\u011fitimi \u00fcst bir noktaya ta\u015f\u0131yor. Projede, a\u00e7\u0131k ve uzaktan \u00f6\u011frenme yakla\u015f\u0131mlar\u0131 (Geni\u015fletilmi\u015f Ger\u00e7eklik (Extended Reality-XR) ile metaverse tabanl\u0131 zenginle\u015ftiriliyor.<\/p>\n<p>Dijital ikiz olu\u015fturuldu<br \/>\n<br \/>Proje kapsam\u0131nda bir mesleki e\u011fitim kurumunun dijital ikizi olu\u015fturularak \u00f6\u011frenenlerin \u00e7evrimi\u00e7i olarak e\u011fitim etkinliklerine aktif olarak kat\u0131labilmesi sa\u011fland\u0131. Pandemiyle birlikte yayg\u0131nla\u015fan uzaktan e\u011fitimin bir ad\u0131m \u00f6tesine ge\u00e7ilerek, EDU-VERSE uygulamas\u0131 ile \u00f6\u011frenciler sanal ger\u00e7eklik g\u00f6zl\u00fckleri arac\u0131l\u0131\u011f\u0131yla s\u0131n\u0131ftaym\u0131\u015f gibi derslere kat\u0131l\u0131p etkile\u015fim sa\u011flayabiliyor. \u00d6zellikle \u00f6\u011frenme ortamlar\u0131na fiziksel eri\u015fim engelli olan \u00f6\u011frenenler i\u00e7in geli\u015ftirilen bu sistem, e\u011fitim ortam\u0131ndan soyutlanmadan \u00f6\u011frenmeye kat\u0131l\u0131m imk\u00e2n\u0131 sunuyor. B\u00f6ylece e\u011fitimde eri\u015filebilirlik g\u00fc\u00e7leniyor, f\u0131rsat e\u015fitli\u011fi sa\u011flan\u0131yor.<\/p>\n<p>Gelece\u011fin \u00f6\u011frenme evreni<br \/>\n<br \/>Ya\u015far \u00dcniversitesi A\u00e7\u0131k ve Uzaktan \u00d6\u011frenme Uygulama ve Ara\u015ft\u0131rma Merkezi M\u00fcd\u00fcr\u00fc ve Proje Koordinat\u00f6r\u00fc Prof. Dr. Yasin \u00d6zarslan, proje hakk\u0131nda \u015fu bilgileri verdi:<br \/>\n<br \/>&#8220;EDU-VERSE ile sadece bir teknolojik yenilik sunmuyoruz; ayn\u0131 zamanda \u00e7a\u011fda\u015f, eri\u015filebilir ve s\u00fcrd\u00fcr\u00fclebilir bir \u00f6\u011frenme deneyimi olu\u015fturuyoruz. Geli\u015ftirdi\u011fimiz a\u00e7\u0131k ve uzaktan \u00f6\u011frenme deneyimi ile \u00f6\u011frenenler ve \u00f6\u011freticiler mek\u00e2ndan ba\u011f\u0131ms\u0131z olarak e\u011fitim s\u00fcre\u00e7lerine kat\u0131labiliyor. Projenin hedefleri aras\u0131nda dijital \u00e7a\u011f\u0131n gerekliliklerine uygun m\u00fcfredatlar geli\u015ftirmek, mesleki e\u011fitimi daha cazip hale getirmek ve \u00f6\u011frenenleri i\u015f g\u00fcc\u00fcne nitelikli bireyler olarak haz\u0131rlamak yer al\u0131yor. Ayr\u0131ca oyun ve dijital i\u00e7erik \u00fcretimi gibi gelece\u011fin y\u00fckselen sekt\u00f6rlerinde gen\u00e7lerin teknik bilginin yan\u0131 s\u0131ra yarat\u0131c\u0131l\u0131k, problem \u00e7\u00f6zme ve giri\u015fimcilik gibi beceriler kazanmalar\u0131n\u0131 da te\u015fvik etmeyi hedefliyoruz.&#8221;<br \/><\/p>\n","protected":false},"excerpt":{"rendered":"<p>Ya\u015far \u00dcniversitesi ve Manisa OSB Mesleki ve Teknik Anadolu Lisesi\u2019nin hayata ge\u00e7irdi\u011fi EDU-VERSE Projesi ile sanal ortamda meslek lisesinin dijital ikizi olu\u015fturuldu. B\u00f6ylece uzaktan e\u011fitim yeni bir boyuta ta\u015f\u0131nd\u0131. T\u00fcrkiye\u2019den Ya\u015far \u00dcniversitesi \u00f6nc\u00fcl\u00fc\u011f\u00fcnde, Manisa Valili\u011fi koordinasyonunda ve Manisa OSB Mesleki ve Teknik Anadolu Lisesi (MOSTEM) ile Institute of Entrepreneurship Development (iED) (Yunanistan), Universitat Jaume I&#8230;<\/p>\n","protected":false},"author":1,"featured_media":58973,"comment_status":"open","ping_status":"open","sticky":false,"template":"","format":"standard","meta":{"_crdt_document":"","footnotes":""},"categories":[124],"tags":[],"class_list":["post-58972","post","type-post","status-publish","format-standard","has-post-thumbnail","hentry","category-bilim"],"_links":{"self":[{"href":"https:\/\/www.egemtv.com\/index.php?rest_route=\/wp\/v2\/posts\/58972","targetHints":{"allow":["GET"]}}],"collection":[{"href":"https:\/\/www.egemtv.com\/index.php?rest_route=\/wp\/v2\/posts"}],"about":[{"href":"https:\/\/www.egemtv.com\/index.php?rest_route=\/wp\/v2\/types\/post"}],"author":[{"embeddable":true,"href":"https:\/\/www.egemtv.com\/index.php?rest_route=\/wp\/v2\/users\/1"}],"replies":[{"embeddable":true,"href":"https:\/\/www.egemtv.com\/index.php?rest_route=%2Fwp%2Fv2%2Fcomments&post=58972"}],"version-history":[{"count":1,"href":"https:\/\/www.egemtv.com\/index.php?rest_route=\/wp\/v2\/posts\/58972\/revisions"}],"predecessor-version":[{"id":58974,"href":"https:\/\/www.egemtv.com\/index.php?rest_route=\/wp\/v2\/posts\/58972\/revisions\/58974"}],"wp:featuredmedia":[{"embeddable":true,"href":"https:\/\/www.egemtv.com\/index.php?rest_route=\/wp\/v2\/media\/58973"}],"wp:attachment":[{"href":"https:\/\/www.egemtv.com\/index.php?rest_route=%2Fwp%2Fv2%2Fmedia&parent=58972"}],"wp:term":[{"taxonomy":"category","embeddable":true,"href":"https:\/\/www.egemtv.com\/index.php?rest_route=%2Fwp%2Fv2%2Fcategories&post=58972"},{"taxonomy":"post_tag","embeddable":true,"href":"https:\/\/www.egemtv.com\/index.php?rest_route=%2Fwp%2Fv2%2Ftags&post=58972"}],"curies":[{"name":"wp","href":"https:\/\/api.w.org\/{rel}","templated":true}]}}