{"id":58969,"date":"2025-10-03T10:14:56","date_gmt":"2025-10-03T07:14:56","guid":{"rendered":"https:\/\/www.egemtv.com\/?p=58969"},"modified":"2025-10-03T10:14:58","modified_gmt":"2025-10-03T07:14:58","slug":"nazillide-45-ogrenci-trafik-dedektifi-oldu","status":"publish","type":"post","link":"https:\/\/www.egemtv.com\/?p=58969","title":{"rendered":"Nazilli\u2019de 45 \u00f6\u011frenci trafik dedektifi oldu"},"content":{"rendered":"<p>Ayd\u0131n\u2019\u0131n Nazilli il\u00e7esinde \u00e7ocuklarda trafik bilincinin olu\u015fturulmas\u0131 amac\u0131yla trafik park\u0131na gelen ve direksiyon ba\u015f\u0131na ge\u00e7en 45 ilkokul \u00f6\u011frencisi, ald\u0131klar\u0131 uygulamal\u0131 trafik e\u011fitimlerinin ard\u0131ndan &#8220;trafik dedektifi&#8221; oldu.<\/p>\n<p>\u00c7ocuklarda trafik bilincinin olu\u015fturulmas\u0131 ve trafik kurallar\u0131n\u0131n \u00f6\u011fretilmesi amac\u0131yla e\u011fitim \u00e7al\u0131\u015fmalar\u0131na aral\u0131ks\u0131z devam eden Ayd\u0131n \u0130l Jandarma Komutanl\u0131\u011f\u0131 Trafik Jandarmas\u0131 personelleri, ilkokul \u00f6\u011frencileri ile bir araya geldi. S\u00fcmer Mahallesi\u2019nde bulunan trafik park\u0131na gelerek direksiyon ba\u015f\u0131na ge\u00e7en 45 \u00f6\u011frenciye trafik e\u011fitimi verildi. Teorik ve uygulamal\u0131 e\u011fitimin yer ald\u0131\u011f\u0131 etkinlikte \u00f6\u011frencilere, trafik kurallar\u0131n\u0131n g\u00fcnl\u00fck hayatta nas\u0131l etkin kullan\u0131labilece\u011fi konusunda bilgi verildi. Uygulamal\u0131 e\u011fitimle \u00f6\u011frencilerin \u00f6rnek olaylarda rol almalar\u0131 sa\u011fland\u0131.<\/p>\n<p>Teorik anlat\u0131mlar\u0131n yan\u0131 s\u0131ra uygulamal\u0131 e\u011fitimin de yer ald\u0131\u011f\u0131 etkinlikte, jandarma ekipleri park i\u00e7erisinde haz\u0131rlanan trafik parkurunda ak\u00fcl\u00fc araba ve go kart ara\u00e7lar\u0131 ile turlayan \u00f6\u011frencilere uygulamal\u0131 olarak trafik kurallar\u0131n\u0131 anlatt\u0131. Renkli g\u00f6r\u00fcnt\u00fclerin olu\u015ftu\u011fu etkinlikte 45 \u00f6\u011frenci, e\u011fitimlerini tamamlayarak trafik dedektifi olmaya hak kazand\u0131. Etkinlik sonunda jandarma ekipleri ile hat\u0131ra foto\u011fraf\u0131 \u00e7ektiren \u00e7ocuklara, Jandarma Trafik dergisi, not defteri, kalem, bayrak, d\u00fcd\u00fck ve \u00e7e\u015fitli hediyeler verildi. Trafik park\u0131nda s\u00fcrd\u00fckleri ak\u00fcl\u00fc ara\u00e7lar ile unutulmaz bir g\u00fcn ge\u00e7iren \u00f6\u011frenciler ise hem e\u011flendi hem de trafik kurallar\u0131na uyman\u0131n \u00f6nemini \u00f6\u011frendi.<\/p>\n<p>E\u011fitimler ile ilgili Ayd\u0131n \u0130l Jandarma Komutanl\u0131\u011f\u0131\u2019ndan yap\u0131lan a\u00e7\u0131klamada &#8220;Nazilli il\u00e7esi S\u00fcmer Mahallesi, S\u00fcmer Park Trafik E\u011fitim Parkurunda, \u0130sabeyli \u0130lkokulu ve \u00c7apahasan \u0130lkokulu \u00f6\u011frencilerine y\u00f6nelik Trafik Jandarmas\u0131nca e\u011fitim faaliyeti icra edildi. Faaliyette, genel trafik kurallar\u0131, okul servislerinde inme ve binme kurallar\u0131, bisiklet binme kurallar\u0131, ara\u00e7larda emniyet kemeri kullanman\u0131n \u00f6nemi, trafikte g\u00f6r\u00fcn\u00fcrl\u00fck ile yaya ve okul ge\u00e7itlerinde hareket tarz\u0131 konular\u0131nda bilgilendirme yap\u0131ld\u0131. E\u011fitim faaliyetine, Nazilli Kaymakam\u0131, \u0130l\u00e7e Jandarma Komutan\u0131, \u0130l\u00e7e Emniyet M\u00fcd\u00fcr\u00fc, \u0130l\u00e7e Mili E\u011fitim M\u00fcd\u00fcr\u00fc,  45 ilkokulu \u00f6\u011frencisi, 6 \u00f6\u011fretmen ve Trafik Jandarmas\u0131 ile Trafik Polisi kat\u0131l\u0131m sa\u011flad\u0131.<br \/><\/p>\n","protected":false},"excerpt":{"rendered":"<p>Ayd\u0131n\u2019\u0131n Nazilli il\u00e7esinde \u00e7ocuklarda trafik bilincinin olu\u015fturulmas\u0131 amac\u0131yla trafik park\u0131na gelen ve direksiyon ba\u015f\u0131na ge\u00e7en 45 ilkokul \u00f6\u011frencisi, ald\u0131klar\u0131 uygulamal\u0131 trafik e\u011fitimlerinin ard\u0131ndan &#8220;trafik dedektifi&#8221; oldu. \u00c7ocuklarda trafik bilincinin olu\u015fturulmas\u0131 ve trafik kurallar\u0131n\u0131n \u00f6\u011fretilmesi amac\u0131yla e\u011fitim \u00e7al\u0131\u015fmalar\u0131na aral\u0131ks\u0131z devam eden Ayd\u0131n \u0130l Jandarma Komutanl\u0131\u011f\u0131 Trafik Jandarmas\u0131 personelleri, ilkokul \u00f6\u011frencileri ile bir araya geldi. S\u00fcmer Mahallesi\u2019nde&#8230;<\/p>\n","protected":false},"author":1,"featured_media":58970,"comment_status":"open","ping_status":"open","sticky":false,"template":"","format":"standard","meta":{"_crdt_document":"","footnotes":""},"categories":[1],"tags":[],"class_list":["post-58969","post","type-post","status-publish","format-standard","has-post-thumbnail","hentry","category-guncel"],"_links":{"self":[{"href":"https:\/\/www.egemtv.com\/index.php?rest_route=\/wp\/v2\/posts\/58969","targetHints":{"allow":["GET"]}}],"collection":[{"href":"https:\/\/www.egemtv.com\/index.php?rest_route=\/wp\/v2\/posts"}],"about":[{"href":"https:\/\/www.egemtv.com\/index.php?rest_route=\/wp\/v2\/types\/post"}],"author":[{"embeddable":true,"href":"https:\/\/www.egemtv.com\/index.php?rest_route=\/wp\/v2\/users\/1"}],"replies":[{"embeddable":true,"href":"https:\/\/www.egemtv.com\/index.php?rest_route=%2Fwp%2Fv2%2Fcomments&post=58969"}],"version-history":[{"count":1,"href":"https:\/\/www.egemtv.com\/index.php?rest_route=\/wp\/v2\/posts\/58969\/revisions"}],"predecessor-version":[{"id":58971,"href":"https:\/\/www.egemtv.com\/index.php?rest_route=\/wp\/v2\/posts\/58969\/revisions\/58971"}],"wp:featuredmedia":[{"embeddable":true,"href":"https:\/\/www.egemtv.com\/index.php?rest_route=\/wp\/v2\/media\/58970"}],"wp:attachment":[{"href":"https:\/\/www.egemtv.com\/index.php?rest_route=%2Fwp%2Fv2%2Fmedia&parent=58969"}],"wp:term":[{"taxonomy":"category","embeddable":true,"href":"https:\/\/www.egemtv.com\/index.php?rest_route=%2Fwp%2Fv2%2Fcategories&post=58969"},{"taxonomy":"post_tag","embeddable":true,"href":"https:\/\/www.egemtv.com\/index.php?rest_route=%2Fwp%2Fv2%2Ftags&post=58969"}],"curies":[{"name":"wp","href":"https:\/\/api.w.org\/{rel}","templated":true}]}}