{"id":58963,"date":"2025-10-03T09:54:59","date_gmt":"2025-10-03T06:54:59","guid":{"rendered":"https:\/\/www.egemtv.com\/?p=58963"},"modified":"2025-10-03T09:55:01","modified_gmt":"2025-10-03T06:55:01","slug":"izmir-bornovada-depo-yangini","status":"publish","type":"post","link":"https:\/\/www.egemtv.com\/?p=58963","title":{"rendered":"\u0130zmir Bornova\u2019da depo yang\u0131n\u0131"},"content":{"rendered":"<p>\u0130zmir\u2019in Bornova il\u00e7esinde bir fabrikan\u0131n deposunda \u00e7\u0131kan yang\u0131na itfaiye ekiplerinin m\u00fcdahalesi s\u00fcr\u00fcyor.<br \/>\n<br \/>Sabah saatlerinde Refik Tulga Caddesi \u00fczerindeki plastik \u00fcr\u00fcnlerin bulundu\u011fu depoda hen\u00fcz bilinmeyen nedenle yang\u0131n \u00e7\u0131kt\u0131. \u00c7evredeki vatanda\u015flar\u0131n ihbar\u0131yla b\u00f6lgeye polis, sa\u011fl\u0131k ve \u00e7ok say\u0131da itfaiye ekibi sevk edildi. Ekipler yang\u0131n\u0131n kontrol alt\u0131na al\u0131nmas\u0131 i\u00e7in \u00e7al\u0131\u015fmalar\u0131n\u0131 s\u00fcrd\u00fcr\u00fcyor.<br \/><\/p>\n","protected":false},"excerpt":{"rendered":"<p>\u0130zmir\u2019in Bornova il\u00e7esinde bir fabrikan\u0131n deposunda \u00e7\u0131kan yang\u0131na itfaiye ekiplerinin m\u00fcdahalesi s\u00fcr\u00fcyor. Sabah saatlerinde Refik Tulga Caddesi \u00fczerindeki plastik \u00fcr\u00fcnlerin bulundu\u011fu depoda hen\u00fcz bilinmeyen nedenle yang\u0131n \u00e7\u0131kt\u0131. \u00c7evredeki vatanda\u015flar\u0131n ihbar\u0131yla b\u00f6lgeye polis, sa\u011fl\u0131k ve \u00e7ok say\u0131da itfaiye ekibi sevk edildi. Ekipler yang\u0131n\u0131n kontrol alt\u0131na al\u0131nmas\u0131 i\u00e7in \u00e7al\u0131\u015fmalar\u0131n\u0131 s\u00fcrd\u00fcr\u00fcyor.<\/p>\n","protected":false},"author":1,"featured_media":58964,"comment_status":"open","ping_status":"open","sticky":false,"template":"","format":"standard","meta":{"_crdt_document":"","footnotes":""},"categories":[5],"tags":[],"class_list":["post-58963","post","type-post","status-publish","format-standard","has-post-thumbnail","hentry","category-asayis"],"_links":{"self":[{"href":"https:\/\/www.egemtv.com\/index.php?rest_route=\/wp\/v2\/posts\/58963","targetHints":{"allow":["GET"]}}],"collection":[{"href":"https:\/\/www.egemtv.com\/index.php?rest_route=\/wp\/v2\/posts"}],"about":[{"href":"https:\/\/www.egemtv.com\/index.php?rest_route=\/wp\/v2\/types\/post"}],"author":[{"embeddable":true,"href":"https:\/\/www.egemtv.com\/index.php?rest_route=\/wp\/v2\/users\/1"}],"replies":[{"embeddable":true,"href":"https:\/\/www.egemtv.com\/index.php?rest_route=%2Fwp%2Fv2%2Fcomments&post=58963"}],"version-history":[{"count":1,"href":"https:\/\/www.egemtv.com\/index.php?rest_route=\/wp\/v2\/posts\/58963\/revisions"}],"predecessor-version":[{"id":58965,"href":"https:\/\/www.egemtv.com\/index.php?rest_route=\/wp\/v2\/posts\/58963\/revisions\/58965"}],"wp:featuredmedia":[{"embeddable":true,"href":"https:\/\/www.egemtv.com\/index.php?rest_route=\/wp\/v2\/media\/58964"}],"wp:attachment":[{"href":"https:\/\/www.egemtv.com\/index.php?rest_route=%2Fwp%2Fv2%2Fmedia&parent=58963"}],"wp:term":[{"taxonomy":"category","embeddable":true,"href":"https:\/\/www.egemtv.com\/index.php?rest_route=%2Fwp%2Fv2%2Fcategories&post=58963"},{"taxonomy":"post_tag","embeddable":true,"href":"https:\/\/www.egemtv.com\/index.php?rest_route=%2Fwp%2Fv2%2Ftags&post=58963"}],"curies":[{"name":"wp","href":"https:\/\/api.w.org\/{rel}","templated":true}]}}