{"id":58960,"date":"2025-10-03T09:54:55","date_gmt":"2025-10-03T06:54:55","guid":{"rendered":"https:\/\/www.egemtv.com\/?p=58960"},"modified":"2025-10-03T09:54:57","modified_gmt":"2025-10-03T06:54:57","slug":"aydinda-beklenen-yagmur-basladi","status":"publish","type":"post","link":"https:\/\/www.egemtv.com\/?p=58960","title":{"rendered":"Ayd\u0131n\u2019da beklenen ya\u011fmur ba\u015flad\u0131"},"content":{"rendered":"<p>Meteoroloji Genel M\u00fcd\u00fcrl\u00fc\u011f\u00fc\u2019n\u00fcn sa\u011fanak ya\u011f\u0131\u015f uyar\u0131lar\u0131n\u0131n ard\u0131ndan Ayd\u0131n\u2019da beklenen ya\u011fmur ba\u015flad\u0131. Kent genelinde etkili olan ya\u011f\u0131\u015f, g\u00fcnl\u00fck ya\u015famda k\u0131sa s\u00fcreli aksamalara yol a\u00e7t\u0131.<\/p>\n<p>Zaman zaman \u015fiddetini art\u0131ran ya\u011fmur nedeniyle \u00f6zellikle baz\u0131 ara sokaklarda su birikintileri olu\u015ftu. Trafikte seyreden ara\u00e7lar yollarda biriken sulardan dolay\u0131 ilerlemekte g\u00fc\u00e7l\u00fck \u00e7ekerken, baz\u0131 vatanda\u015flar da ani bast\u0131ran ya\u011f\u0131\u015fa haz\u0131rl\u0131ks\u0131z yakaland\u0131. Yetkililer ya\u011f\u0131\u015f\u0131n aral\u0131klarla devam edebilece\u011fini belirtirken, ta\u015fk\u0131nlar\u0131na kar\u015f\u0131 vatanda\u015flar\u0131n dikkatli olmalar\u0131 konusunda uyar\u0131da bulundu. Ayd\u0131n B\u00fcy\u00fck\u015fehir Belediyesi ve il\u00e7e belediyelerine ba\u011fl\u0131 ekiplerin de ya\u011fmurla birlikte olu\u015fan su birikintilerinin tahliyesi i\u00e7in sahada \u00e7al\u0131\u015fmalar\u0131n\u0131n da s\u00fcrd\u00fcrd\u00fc\u011f\u00fc \u00f6\u011frenildi.<br \/><\/p>\n","protected":false},"excerpt":{"rendered":"<p>Meteoroloji Genel M\u00fcd\u00fcrl\u00fc\u011f\u00fc\u2019n\u00fcn sa\u011fanak ya\u011f\u0131\u015f uyar\u0131lar\u0131n\u0131n ard\u0131ndan Ayd\u0131n\u2019da beklenen ya\u011fmur ba\u015flad\u0131. Kent genelinde etkili olan ya\u011f\u0131\u015f, g\u00fcnl\u00fck ya\u015famda k\u0131sa s\u00fcreli aksamalara yol a\u00e7t\u0131. Zaman zaman \u015fiddetini art\u0131ran ya\u011fmur nedeniyle \u00f6zellikle baz\u0131 ara sokaklarda su birikintileri olu\u015ftu. Trafikte seyreden ara\u00e7lar yollarda biriken sulardan dolay\u0131 ilerlemekte g\u00fc\u00e7l\u00fck \u00e7ekerken, baz\u0131 vatanda\u015flar da ani bast\u0131ran ya\u011f\u0131\u015fa haz\u0131rl\u0131ks\u0131z yakaland\u0131. Yetkililer&#8230;<\/p>\n","protected":false},"author":1,"featured_media":58961,"comment_status":"open","ping_status":"open","sticky":false,"template":"","format":"standard","meta":{"_crdt_document":"","footnotes":""},"categories":[1],"tags":[],"class_list":["post-58960","post","type-post","status-publish","format-standard","has-post-thumbnail","hentry","category-guncel"],"_links":{"self":[{"href":"https:\/\/www.egemtv.com\/index.php?rest_route=\/wp\/v2\/posts\/58960","targetHints":{"allow":["GET"]}}],"collection":[{"href":"https:\/\/www.egemtv.com\/index.php?rest_route=\/wp\/v2\/posts"}],"about":[{"href":"https:\/\/www.egemtv.com\/index.php?rest_route=\/wp\/v2\/types\/post"}],"author":[{"embeddable":true,"href":"https:\/\/www.egemtv.com\/index.php?rest_route=\/wp\/v2\/users\/1"}],"replies":[{"embeddable":true,"href":"https:\/\/www.egemtv.com\/index.php?rest_route=%2Fwp%2Fv2%2Fcomments&post=58960"}],"version-history":[{"count":1,"href":"https:\/\/www.egemtv.com\/index.php?rest_route=\/wp\/v2\/posts\/58960\/revisions"}],"predecessor-version":[{"id":58962,"href":"https:\/\/www.egemtv.com\/index.php?rest_route=\/wp\/v2\/posts\/58960\/revisions\/58962"}],"wp:featuredmedia":[{"embeddable":true,"href":"https:\/\/www.egemtv.com\/index.php?rest_route=\/wp\/v2\/media\/58961"}],"wp:attachment":[{"href":"https:\/\/www.egemtv.com\/index.php?rest_route=%2Fwp%2Fv2%2Fmedia&parent=58960"}],"wp:term":[{"taxonomy":"category","embeddable":true,"href":"https:\/\/www.egemtv.com\/index.php?rest_route=%2Fwp%2Fv2%2Fcategories&post=58960"},{"taxonomy":"post_tag","embeddable":true,"href":"https:\/\/www.egemtv.com\/index.php?rest_route=%2Fwp%2Fv2%2Ftags&post=58960"}],"curies":[{"name":"wp","href":"https:\/\/api.w.org\/{rel}","templated":true}]}}