{"id":58957,"date":"2025-10-03T09:35:59","date_gmt":"2025-10-03T06:35:59","guid":{"rendered":"https:\/\/www.egemtv.com\/?p=58957"},"modified":"2025-10-03T09:36:00","modified_gmt":"2025-10-03T06:36:00","slug":"vali-coskun-akademik-basarilar-kadar-spor-da-onemli","status":"publish","type":"post","link":"https:\/\/www.egemtv.com\/?p=58957","title":{"rendered":"Vali Co\u015fkun; &#8220;Akademik ba\u015far\u0131lar kadar spor da \u00f6nemli&#8221;"},"content":{"rendered":"<p>DEN\u0130ZL\u0130 (\u0130HA) \u2013 Denizli\u2019de okul sporlar\u0131 yeni d\u00f6nem bilgilendirme toplant\u0131s\u0131nda konu\u015fan Vali \u00d6mer Faruk Co\u015fkun, &#8220;\u00c7ocuklar\u0131m\u0131z\u0131n akademik ba\u015far\u0131lar\u0131 kadar, spor yapmalar\u0131 da \u00f6nemli&#8221; dedi.<\/p>\n<p>2025-2026 e\u011fitim \u00f6\u011fretim d\u00f6nemi okul sporlar\u0131 sezonu i\u00e7in geri say\u0131m ba\u015flad\u0131. Denizli\u2019deki t\u00fcm okullardan beden e\u011fitimi \u00f6\u011fretmenlerinin kat\u0131ld\u0131\u011f\u0131 bilgilendirme toplant\u0131s\u0131nda, bu sene 46 ayr\u0131 bran\u015fta yar\u0131\u015fmalar\u0131n yap\u0131laca\u011f\u0131 bildirildi<\/p>\n<p>Denizli Gen\u00e7lik ve Spor \u0130l M\u00fcd\u00fcrl\u00fc\u011f\u00fc koordinesinde ger\u00e7ekle\u015fen Okul Sporlar\u0131 faaliyetleri i\u00e7in yeni sezon start\u0131 verildi. \u0130l genelindeki ilkokul, ortaokul ve lise d\u00fczeyindeki okullar\u0131n yar\u0131\u015fmalara kat\u0131laca\u011f\u0131 organizasyonda hem bireysel hem de tak\u0131m bran\u015flar\u0131nda m\u00fcsabakalar d\u00fczenlenecek.<\/p>\n<p>Pamukkale Yurdu Konferans Salonunda t\u00fcm okullardan beden e\u011fitimi \u00f6\u011fretmenlerinin kat\u0131l\u0131m\u0131yla ger\u00e7ekle\u015ftirilen bilgilendirme toplant\u0131s\u0131na Vali \u00d6mer Faruk Co\u015fkun, \u0130l Emniyet M\u00fcd\u00fcr\u00fc Yavuz Sa\u011fd\u0131\u00e7, Gen\u00e7lik ve Spor \u0130l M\u00fcd\u00fcr\u00fc S\u00fcleyman Erdo\u011fan, \u0130l Milli E\u011fitim M\u00fcd\u00fcr\u00fc Dr. Emre \u00c7al\u0131\u015fkan ile beden e\u011fitimi \u00f6\u011fretmenleri, idareci ve antren\u00f6rler kat\u0131ld\u0131<\/p>\n<p>Mahallemde Ma\u00e7 Var \u00fc\u00e7\u00fcnc\u00fc kez ba\u015fl\u0131yor<br \/>\n<br \/>Denizli Emniyet M\u00fcd\u00fcrl\u00fc\u011f\u00fc taraf\u0131ndan bu y\u0131l \u00fc\u00e7\u00fcnc\u00fcs\u00fc d\u00fczenlenecek Mahallemde Ma\u00e7 Var projesinin tan\u0131t\u0131m\u0131 ayn\u0131 programda ger\u00e7ekle\u015fti. \u00d6nleyici hizmetler kapsam\u0131nda gen\u00e7leri k\u00f6t\u00fc al\u0131\u015fkanl\u0131klardan korumak, mahallelerdeki huzur ve g\u00fcven ortam\u0131n\u0131 geli\u015ftirmek amac\u0131yla y\u00fcr\u00fct\u00fclen projenin bilgilendirmeleri yap\u0131ld\u0131.<\/p>\n<p>Konu\u015fmas\u0131nda \u00f6\u011frencilerin en az akademik ba\u015far\u0131lar\u0131 kadar sosyal, k\u00fclt\u00fcrel ve sportif alanlarda yer almas\u0131n\u0131n \u00f6nemine de\u011finen Denizli Valisi \u00d6mer Faruk Co\u015fkun, yar\u0131\u015fmalara kat\u0131lan, Denizli\u2019yi ulusal ve uluslararas\u0131 alanlarda temsil eden sporcular\u0131 kutlad\u0131. Vali Co\u015fkun, &#8220;\u00c7ocuklar\u0131m\u0131z\u0131n akademik ba\u015far\u0131lar\u0131 kadar, spor yapmalar\u0131 da \u00f6nemli&#8221; dedi.<\/p>\n<p>Toplant\u0131da konu\u015fmalar\u0131n ard\u0131ndan 2024-2025 e\u011fitim \u00f6\u011fretim y\u0131l\u0131 okul sporlar\u0131nda T\u00fcrkiye \u00e7ap\u0131nda derece yapan okullar\u0131n idarecilerine plaketler takdim edildi. Uluslararas\u0131 anlamda tek derece g\u00fcre\u015f bran\u015f\u0131nda Anafartalar Anadolu Lisesi \u00f6\u011frencisi Emirhan Kaan Asar taraf\u0131ndan D\u00fcnya ikincili\u011fi derecesi olmu\u015ftu.<br \/><\/p>\n","protected":false},"excerpt":{"rendered":"<p>DEN\u0130ZL\u0130 (\u0130HA) \u2013 Denizli\u2019de okul sporlar\u0131 yeni d\u00f6nem bilgilendirme toplant\u0131s\u0131nda konu\u015fan Vali \u00d6mer Faruk Co\u015fkun, &#8220;\u00c7ocuklar\u0131m\u0131z\u0131n akademik ba\u015far\u0131lar\u0131 kadar, spor yapmalar\u0131 da \u00f6nemli&#8221; dedi. 2025-2026 e\u011fitim \u00f6\u011fretim d\u00f6nemi okul sporlar\u0131 sezonu i\u00e7in geri say\u0131m ba\u015flad\u0131. Denizli\u2019deki t\u00fcm okullardan beden e\u011fitimi \u00f6\u011fretmenlerinin kat\u0131ld\u0131\u011f\u0131 bilgilendirme toplant\u0131s\u0131nda, bu sene 46 ayr\u0131 bran\u015fta yar\u0131\u015fmalar\u0131n yap\u0131laca\u011f\u0131 bildirildi Denizli Gen\u00e7lik ve&#8230;<\/p>\n","protected":false},"author":1,"featured_media":58958,"comment_status":"open","ping_status":"open","sticky":false,"template":"","format":"standard","meta":{"_crdt_document":"","footnotes":""},"categories":[4],"tags":[],"class_list":["post-58957","post","type-post","status-publish","format-standard","has-post-thumbnail","hentry","category-spor"],"_links":{"self":[{"href":"https:\/\/www.egemtv.com\/index.php?rest_route=\/wp\/v2\/posts\/58957","targetHints":{"allow":["GET"]}}],"collection":[{"href":"https:\/\/www.egemtv.com\/index.php?rest_route=\/wp\/v2\/posts"}],"about":[{"href":"https:\/\/www.egemtv.com\/index.php?rest_route=\/wp\/v2\/types\/post"}],"author":[{"embeddable":true,"href":"https:\/\/www.egemtv.com\/index.php?rest_route=\/wp\/v2\/users\/1"}],"replies":[{"embeddable":true,"href":"https:\/\/www.egemtv.com\/index.php?rest_route=%2Fwp%2Fv2%2Fcomments&post=58957"}],"version-history":[{"count":1,"href":"https:\/\/www.egemtv.com\/index.php?rest_route=\/wp\/v2\/posts\/58957\/revisions"}],"predecessor-version":[{"id":58959,"href":"https:\/\/www.egemtv.com\/index.php?rest_route=\/wp\/v2\/posts\/58957\/revisions\/58959"}],"wp:featuredmedia":[{"embeddable":true,"href":"https:\/\/www.egemtv.com\/index.php?rest_route=\/wp\/v2\/media\/58958"}],"wp:attachment":[{"href":"https:\/\/www.egemtv.com\/index.php?rest_route=%2Fwp%2Fv2%2Fmedia&parent=58957"}],"wp:term":[{"taxonomy":"category","embeddable":true,"href":"https:\/\/www.egemtv.com\/index.php?rest_route=%2Fwp%2Fv2%2Fcategories&post=58957"},{"taxonomy":"post_tag","embeddable":true,"href":"https:\/\/www.egemtv.com\/index.php?rest_route=%2Fwp%2Fv2%2Ftags&post=58957"}],"curies":[{"name":"wp","href":"https:\/\/api.w.org\/{rel}","templated":true}]}}