{"id":58954,"date":"2025-10-03T09:35:56","date_gmt":"2025-10-03T06:35:56","guid":{"rendered":"https:\/\/www.egemtv.com\/?p=58954"},"modified":"2025-10-03T09:35:57","modified_gmt":"2025-10-03T06:35:57","slug":"baskan-gunel-kusadasi-belediyesinin-hizmet-etmesini-kimse-engelleyemez","status":"publish","type":"post","link":"https:\/\/www.egemtv.com\/?p=58954","title":{"rendered":"Ba\u015fkan G\u00fcnel: &#8220;Ku\u015fadas\u0131 Belediyesi\u2019nin hizmet etmesini kimse engelleyemez&#8221;"},"content":{"rendered":"<p>Ku\u015fadas\u0131 Belediye Ba\u015fkan\u0131 \u00d6mer G\u00fcnel, B\u00fcy\u00fck\u015fehir Belediye Meclisi\u2019nde Ayd\u0131n\u2019\u0131 kaosa s\u00fcr\u00fcklemek isteyenlere kesinlikle izin vermeyeceklerini belirterek, &#8220;CHP Grubu olarak kentimize hizmet etmek i\u00e7in var\u0131z. Ku\u015fadas\u0131 Belediyesi\u2019nin de halk\u0131na hizmet etmesini kimse engelleyemez&#8221; dedi.<\/p>\n<p>Ba\u015fkan \u00d6mer G\u00fcnel, Ku\u015fadas\u0131 Belediyesi Enc\u00fcmen Toplant\u0131 Salonu\u2019nda ger\u00e7ekle\u015ftirilen bas\u0131n toplant\u0131s\u0131nda, Ayd\u0131n ve Ku\u015fadas\u0131 ile ilgili \u00f6nemli konulara de\u011findi. Gazetecilerin sorular\u0131n\u0131 her zaman oldu\u011fu gibi yine a\u00e7\u0131k ve net bir \u015fekilde yan\u0131tlayan Ba\u015fkan \u00d6mer G\u00fcnel, Ku\u015fadas\u0131 ve Ayd\u0131n\u2019\u0131n di\u011fer il\u00e7elerinin acilen hizmete ihtiyac\u0131 oldu\u011funu belirtti.<\/p>\n<p>Ba\u015fkan G\u00fcnel, &#8220;Bu kentin kaos ve suni g\u00fcndemlerle kaybedecek zaman\u0131 yok. CHP Grubu olarak Ayd\u0131n\u2019a hizmet etmek ve hizmetin \u00f6n\u00fcn\u00fc a\u00e7mak i\u00e7in var\u0131z. CHP Grubu olarak Eyl\u00fcl ay\u0131nda yap\u0131lan meclis oturumunda al\u0131nan hukuksuz kararlar\u0131n iptali i\u00e7in de dava a\u00e7aca\u011f\u0131z&#8221; dedi.<\/p>\n<p>Ba\u015fkan G\u00fcnel s\u00f6zlerini \u015f\u00f6yle tamamlad\u0131: &#8220;Son olarak ben siyaseti Ku\u015fadas\u0131\u2019na ve Ayd\u0131n halk\u0131na hizmet etmek i\u00e7in yap\u0131yorum. Biz Ku\u015fadas\u0131 halk\u0131n\u0131n paralar\u0131yla kamula\u015ft\u0131r\u0131lm\u0131\u015f bir arazinin \u00fczerine yap\u0131lan kamu hizmet binas\u0131n\u0131n i\u00e7erisinde oturuyoruz. Ancak ortada Ku\u015fadas\u0131 Belediyesi\u2019nin hizmet etmek istemesini aksatan ve istemeyen bir irade var. Ku\u015fadas\u0131 Belediyesi\u2019nin halk\u0131na hizmet etmesini Allah\u2019tan ba\u015fka kimse engelleyemez&#8221;<br \/><\/p>\n","protected":false},"excerpt":{"rendered":"<p>Ku\u015fadas\u0131 Belediye Ba\u015fkan\u0131 \u00d6mer G\u00fcnel, B\u00fcy\u00fck\u015fehir Belediye Meclisi\u2019nde Ayd\u0131n\u2019\u0131 kaosa s\u00fcr\u00fcklemek isteyenlere kesinlikle izin vermeyeceklerini belirterek, &#8220;CHP Grubu olarak kentimize hizmet etmek i\u00e7in var\u0131z. Ku\u015fadas\u0131 Belediyesi\u2019nin de halk\u0131na hizmet etmesini kimse engelleyemez&#8221; dedi. Ba\u015fkan \u00d6mer G\u00fcnel, Ku\u015fadas\u0131 Belediyesi Enc\u00fcmen Toplant\u0131 Salonu\u2019nda ger\u00e7ekle\u015ftirilen bas\u0131n toplant\u0131s\u0131nda, Ayd\u0131n ve Ku\u015fadas\u0131 ile ilgili \u00f6nemli konulara de\u011findi. Gazetecilerin sorular\u0131n\u0131 her&#8230;<\/p>\n","protected":false},"author":1,"featured_media":58955,"comment_status":"open","ping_status":"open","sticky":false,"template":"","format":"standard","meta":{"_crdt_document":"","footnotes":""},"categories":[127],"tags":[],"class_list":["post-58954","post","type-post","status-publish","format-standard","has-post-thumbnail","hentry","category-siyaset"],"_links":{"self":[{"href":"https:\/\/www.egemtv.com\/index.php?rest_route=\/wp\/v2\/posts\/58954","targetHints":{"allow":["GET"]}}],"collection":[{"href":"https:\/\/www.egemtv.com\/index.php?rest_route=\/wp\/v2\/posts"}],"about":[{"href":"https:\/\/www.egemtv.com\/index.php?rest_route=\/wp\/v2\/types\/post"}],"author":[{"embeddable":true,"href":"https:\/\/www.egemtv.com\/index.php?rest_route=\/wp\/v2\/users\/1"}],"replies":[{"embeddable":true,"href":"https:\/\/www.egemtv.com\/index.php?rest_route=%2Fwp%2Fv2%2Fcomments&post=58954"}],"version-history":[{"count":1,"href":"https:\/\/www.egemtv.com\/index.php?rest_route=\/wp\/v2\/posts\/58954\/revisions"}],"predecessor-version":[{"id":58956,"href":"https:\/\/www.egemtv.com\/index.php?rest_route=\/wp\/v2\/posts\/58954\/revisions\/58956"}],"wp:featuredmedia":[{"embeddable":true,"href":"https:\/\/www.egemtv.com\/index.php?rest_route=\/wp\/v2\/media\/58955"}],"wp:attachment":[{"href":"https:\/\/www.egemtv.com\/index.php?rest_route=%2Fwp%2Fv2%2Fmedia&parent=58954"}],"wp:term":[{"taxonomy":"category","embeddable":true,"href":"https:\/\/www.egemtv.com\/index.php?rest_route=%2Fwp%2Fv2%2Fcategories&post=58954"},{"taxonomy":"post_tag","embeddable":true,"href":"https:\/\/www.egemtv.com\/index.php?rest_route=%2Fwp%2Fv2%2Ftags&post=58954"}],"curies":[{"name":"wp","href":"https:\/\/api.w.org\/{rel}","templated":true}]}}