{"id":58951,"date":"2025-10-03T09:35:53","date_gmt":"2025-10-03T06:35:53","guid":{"rendered":"https:\/\/www.egemtv.com\/?p=58951"},"modified":"2025-10-03T09:35:54","modified_gmt":"2025-10-03T06:35:54","slug":"sakin-sehir-camelinin-minik-elleri-dogaya-buyuk-nefes-verdi","status":"publish","type":"post","link":"https:\/\/www.egemtv.com\/?p=58951","title":{"rendered":"Sakin \u015fehir \u00c7ameli\u2019nin minik elleri do\u011faya b\u00fcy\u00fck nefes verdi"},"content":{"rendered":"<p>DEN\u0130ZL\u0130 (\u0130HA) \u2013 T\u00fcrkiye\u2019nin do\u011fal g\u00fczellikleriyle me\u015fhur Sakin \u015eehri \u00c7ameli\u2019nde d\u00fczenlenen Cittaslow Sunday etkinliklerinde minik eller diktikleri fidanlarla do\u011faya b\u00fcy\u00fck nefes verdi.<\/p>\n<p>\u00c7ameli Belediyesi koordinasyonunda \u0130l\u00e7e Gen\u00e7lik ve Spor M\u00fcd\u00fcrl\u00fc\u011f\u00fc, \u00c7ameli Orman \u0130\u015fletme M\u00fcd\u00fcrl\u00fc\u011f\u00fc ile \u0130l\u00e7e Milli E\u011fitim M\u00fcd\u00fcrl\u00fc\u011f\u00fc i\u015fbirli\u011fiyle &#8220;Cittaslow Sunday&#8221; etkinlikleri d\u00fczenlendi. \u00c7ameli Belediyesinin do\u011fa dostu etkinli\u011finde renkli g\u00f6r\u00fcnt\u00fcler olu\u015ftu.<\/p>\n<p>Etkinlik, Elmal\u0131 Mahallesi Okulu\u2019nda \u00f6\u011frencilerle birlikte ger\u00e7ekle\u015ftirilen \u015fenlikte; y\u00fcz boyama, ip atlama, halat \u00e7ekme, dart ve balon oyunlar\u0131yla renklendi. Minik eller fidan dikerek A\u011fa\u00e7land\u0131rma ve Hat\u0131ra Orman\u0131n\u0131 olu\u015fturdu. Etkinlik sonunda ise bal\u0131k ekmek \u015fenli\u011fi d\u00fczenlendi. \u00c7evre bilincinin art\u0131r\u0131lmas\u0131n\u0131n ve orman yang\u0131nlar\u0131n\u0131n \u00f6n\u00fcne ge\u00e7ilmesi hedeflendi\u011fi etkinlik, do\u011fayla uyumlu ve s\u00fcrd\u00fcr\u00fclebilir bir ya\u015fam i\u00e7in fark\u0131ndal\u0131k olu\u015fturmay\u0131 ama\u00e7lad\u0131.<\/p>\n<p>Etkinli\u011fe kat\u0131lan protokol ve \u00f6\u011frencilere te\u015fekk\u00fcr eden \u00c7ameli Belediye Ba\u015fkan\u0131 Cengiz Arslan, &#8220;Sakin \u015eehir unvan\u0131 ald\u0131k ve il\u00e7emizde Cittaslow \u00c7ameli i\u00e7in do\u011faya verdi\u011fimiz de\u011feri miniklerimizle bir kez daha g\u00f6stermi\u015f olduk. Bu t\u00fcr etkinlikleri s\u00fcrekli yapaca\u011f\u0131z&#8221; dedi.<br \/><\/p>\n","protected":false},"excerpt":{"rendered":"<p>DEN\u0130ZL\u0130 (\u0130HA) \u2013 T\u00fcrkiye\u2019nin do\u011fal g\u00fczellikleriyle me\u015fhur Sakin \u015eehri \u00c7ameli\u2019nde d\u00fczenlenen Cittaslow Sunday etkinliklerinde minik eller diktikleri fidanlarla do\u011faya b\u00fcy\u00fck nefes verdi. \u00c7ameli Belediyesi koordinasyonunda \u0130l\u00e7e Gen\u00e7lik ve Spor M\u00fcd\u00fcrl\u00fc\u011f\u00fc, \u00c7ameli Orman \u0130\u015fletme M\u00fcd\u00fcrl\u00fc\u011f\u00fc ile \u0130l\u00e7e Milli E\u011fitim M\u00fcd\u00fcrl\u00fc\u011f\u00fc i\u015fbirli\u011fiyle &#8220;Cittaslow Sunday&#8221; etkinlikleri d\u00fczenlendi. \u00c7ameli Belediyesinin do\u011fa dostu etkinli\u011finde renkli g\u00f6r\u00fcnt\u00fcler olu\u015ftu. Etkinlik, Elmal\u0131 Mahallesi&#8230;<\/p>\n","protected":false},"author":1,"featured_media":58952,"comment_status":"open","ping_status":"open","sticky":false,"template":"","format":"standard","meta":{"_crdt_document":"","footnotes":""},"categories":[1],"tags":[],"class_list":["post-58951","post","type-post","status-publish","format-standard","has-post-thumbnail","hentry","category-guncel"],"_links":{"self":[{"href":"https:\/\/www.egemtv.com\/index.php?rest_route=\/wp\/v2\/posts\/58951","targetHints":{"allow":["GET"]}}],"collection":[{"href":"https:\/\/www.egemtv.com\/index.php?rest_route=\/wp\/v2\/posts"}],"about":[{"href":"https:\/\/www.egemtv.com\/index.php?rest_route=\/wp\/v2\/types\/post"}],"author":[{"embeddable":true,"href":"https:\/\/www.egemtv.com\/index.php?rest_route=\/wp\/v2\/users\/1"}],"replies":[{"embeddable":true,"href":"https:\/\/www.egemtv.com\/index.php?rest_route=%2Fwp%2Fv2%2Fcomments&post=58951"}],"version-history":[{"count":1,"href":"https:\/\/www.egemtv.com\/index.php?rest_route=\/wp\/v2\/posts\/58951\/revisions"}],"predecessor-version":[{"id":58953,"href":"https:\/\/www.egemtv.com\/index.php?rest_route=\/wp\/v2\/posts\/58951\/revisions\/58953"}],"wp:featuredmedia":[{"embeddable":true,"href":"https:\/\/www.egemtv.com\/index.php?rest_route=\/wp\/v2\/media\/58952"}],"wp:attachment":[{"href":"https:\/\/www.egemtv.com\/index.php?rest_route=%2Fwp%2Fv2%2Fmedia&parent=58951"}],"wp:term":[{"taxonomy":"category","embeddable":true,"href":"https:\/\/www.egemtv.com\/index.php?rest_route=%2Fwp%2Fv2%2Fcategories&post=58951"},{"taxonomy":"post_tag","embeddable":true,"href":"https:\/\/www.egemtv.com\/index.php?rest_route=%2Fwp%2Fv2%2Ftags&post=58951"}],"curies":[{"name":"wp","href":"https:\/\/api.w.org\/{rel}","templated":true}]}}