{"id":58948,"date":"2025-10-03T09:15:49","date_gmt":"2025-10-03T06:15:49","guid":{"rendered":"https:\/\/www.egemtv.com\/?p=58948"},"modified":"2025-10-03T09:15:50","modified_gmt":"2025-10-03T06:15:50","slug":"izmirde-saglik-icin-doga-yuruyusu","status":"publish","type":"post","link":"https:\/\/www.egemtv.com\/?p=58948","title":{"rendered":"\u0130zmir\u2019de sa\u011fl\u0131k i\u00e7in do\u011fa y\u00fcr\u00fcy\u00fc\u015f\u00fc"},"content":{"rendered":"<p>\u0130zmir \u0130l Sa\u011fl\u0131k M\u00fcd\u00fcrl\u00fc\u011f\u00fc koordinasyonunda ve Bornova Kaymakaml\u0131\u011f\u0131 i\u015fbirli\u011fiyle, D\u00fcnya Y\u00fcr\u00fcy\u00fc\u015f G\u00fcn\u00fc kapsam\u0131nda &#8220;Sa\u011fl\u0131kl\u0131 Ya\u015fam Y\u00fcr\u00fcy\u00fc\u015f\u00fc&#8221; etkinli\u011fi d\u00fczenlendi.<br \/>\n<br \/>Toplumda fiziksel aktivite al\u0131\u015fkanl\u0131\u011f\u0131n\u0131 te\u015fvik etmek ve fark\u0131ndal\u0131k olu\u015fturmak amac\u0131yla geleneksel hale getirilen y\u00fcr\u00fcy\u00fc\u015fe Bornova Kaymakam\u0131 Muzaffer \u015eahiner, Halk Sa\u011fl\u0131\u011f\u0131 Hizmetleri Ba\u015fkan\u0131 Uzm. Dr. Ali Emre \u00c7etinkol, il\u00e7e m\u00fclki amirleri, sa\u011fl\u0131k y\u00f6neticileri, sa\u011fl\u0131k \u00e7al\u0131\u015fanlar\u0131, \u00f6\u011frenciler ve sporseverler kat\u0131ld\u0131.<br \/>\n<br \/>\u00c7i\u00e7eklik\u00f6y \u0130zmir \u015eehir Orman\u0131\u2019nda fizyoterapist e\u015fli\u011finde yap\u0131lan \u0131s\u0131nma egzersizlerinin ard\u0131ndan ba\u015flayan y\u00fcr\u00fcy\u00fc\u015f, Yakak\u00f6y At\u0131\u015f Poligonu\u2019nda sona erdi. Kat\u0131l\u0131mc\u0131lar do\u011fa y\u00fcr\u00fcy\u00fc\u015f\u00fc s\u0131ras\u0131nda \u00e7evre duyarl\u0131l\u0131\u011f\u0131na dikkat \u00e7ekmek amac\u0131yla \u00e7\u00f6p toplama etkinli\u011fi de ger\u00e7ekle\u015ftirdi.<br \/>\n<br \/>\u015eenlik havas\u0131nda ge\u00e7en program, renkli etkinliklerle devam etti. \u0130l\u00e7e kamu kurum m\u00fcd\u00fcrleri ve personellerinden olu\u015fan Zeybek Halk Oyunlar\u0131 ekibinin g\u00f6sterisi b\u00fcy\u00fck be\u011feni toplarken, halat \u00e7ekme, ayak tenisi ve geleneksel ok\u00e7uluk aktiviteleriyle g\u00fcn keyifli anlara sahne oldu.<br \/><\/p>\n","protected":false},"excerpt":{"rendered":"<p>\u0130zmir \u0130l Sa\u011fl\u0131k M\u00fcd\u00fcrl\u00fc\u011f\u00fc koordinasyonunda ve Bornova Kaymakaml\u0131\u011f\u0131 i\u015fbirli\u011fiyle, D\u00fcnya Y\u00fcr\u00fcy\u00fc\u015f G\u00fcn\u00fc kapsam\u0131nda &#8220;Sa\u011fl\u0131kl\u0131 Ya\u015fam Y\u00fcr\u00fcy\u00fc\u015f\u00fc&#8221; etkinli\u011fi d\u00fczenlendi. Toplumda fiziksel aktivite al\u0131\u015fkanl\u0131\u011f\u0131n\u0131 te\u015fvik etmek ve fark\u0131ndal\u0131k olu\u015fturmak amac\u0131yla geleneksel hale getirilen y\u00fcr\u00fcy\u00fc\u015fe Bornova Kaymakam\u0131 Muzaffer \u015eahiner, Halk Sa\u011fl\u0131\u011f\u0131 Hizmetleri Ba\u015fkan\u0131 Uzm. Dr. Ali Emre \u00c7etinkol, il\u00e7e m\u00fclki amirleri, sa\u011fl\u0131k y\u00f6neticileri, sa\u011fl\u0131k \u00e7al\u0131\u015fanlar\u0131, \u00f6\u011frenciler ve sporseverler&#8230;<\/p>\n","protected":false},"author":1,"featured_media":58949,"comment_status":"open","ping_status":"open","sticky":false,"template":"","format":"standard","meta":{"_crdt_document":"","footnotes":""},"categories":[2],"tags":[],"class_list":["post-58948","post","type-post","status-publish","format-standard","has-post-thumbnail","hentry","category-saglik"],"_links":{"self":[{"href":"https:\/\/www.egemtv.com\/index.php?rest_route=\/wp\/v2\/posts\/58948","targetHints":{"allow":["GET"]}}],"collection":[{"href":"https:\/\/www.egemtv.com\/index.php?rest_route=\/wp\/v2\/posts"}],"about":[{"href":"https:\/\/www.egemtv.com\/index.php?rest_route=\/wp\/v2\/types\/post"}],"author":[{"embeddable":true,"href":"https:\/\/www.egemtv.com\/index.php?rest_route=\/wp\/v2\/users\/1"}],"replies":[{"embeddable":true,"href":"https:\/\/www.egemtv.com\/index.php?rest_route=%2Fwp%2Fv2%2Fcomments&post=58948"}],"version-history":[{"count":1,"href":"https:\/\/www.egemtv.com\/index.php?rest_route=\/wp\/v2\/posts\/58948\/revisions"}],"predecessor-version":[{"id":58950,"href":"https:\/\/www.egemtv.com\/index.php?rest_route=\/wp\/v2\/posts\/58948\/revisions\/58950"}],"wp:featuredmedia":[{"embeddable":true,"href":"https:\/\/www.egemtv.com\/index.php?rest_route=\/wp\/v2\/media\/58949"}],"wp:attachment":[{"href":"https:\/\/www.egemtv.com\/index.php?rest_route=%2Fwp%2Fv2%2Fmedia&parent=58948"}],"wp:term":[{"taxonomy":"category","embeddable":true,"href":"https:\/\/www.egemtv.com\/index.php?rest_route=%2Fwp%2Fv2%2Fcategories&post=58948"},{"taxonomy":"post_tag","embeddable":true,"href":"https:\/\/www.egemtv.com\/index.php?rest_route=%2Fwp%2Fv2%2Ftags&post=58948"}],"curies":[{"name":"wp","href":"https:\/\/api.w.org\/{rel}","templated":true}]}}