{"id":58945,"date":"2025-10-03T09:15:45","date_gmt":"2025-10-03T06:15:45","guid":{"rendered":"https:\/\/www.egemtv.com\/?p=58945"},"modified":"2025-10-03T09:15:47","modified_gmt":"2025-10-03T06:15:47","slug":"adu-rektoru-prof-dr-kent-262-universitelerarasi-kurul-toplantisina-katildi","status":"publish","type":"post","link":"https:\/\/www.egemtv.com\/?p=58945","title":{"rendered":"AD\u00dc Rekt\u00f6r\u00fc Prof. Dr. Kent, 262. \u00dcniversiteleraras\u0131 Kurul Toplant\u0131s\u0131\u2019na kat\u0131ld\u0131"},"content":{"rendered":"<p>AD\u00dc Rekt\u00f6r\u00fc Prof. Dr. B\u00fclent Kent ve Rekt\u00f6r Yard\u0131mc\u0131s\u0131 Prof. Dr. Cemal \u0130yem, Y\u00fcksek\u00f6\u011fretim Kurulu (Y\u00d6K) Ba\u015fkanl\u0131\u011f\u0131n\u0131n ev sahipli\u011finde 2 Ekim 2025 tarihinde Ankara\u2019da ger\u00e7ekle\u015ftirilen 262. \u00dcniversiteleraras\u0131 Kurul Toplant\u0131s\u0131\u2019na kat\u0131ld\u0131.<\/p>\n<p>Y\u00d6K Ba\u015fkan\u0131 Prof. Dr. Erol \u00d6zvar\u2019\u0131n ba\u015fkanl\u0131\u011f\u0131nda d\u00fczenlenen toplant\u0131da, y\u00fcksek\u00f6\u011fretimin gelece\u011fine y\u00f6n verecek &#8220;2030\u2019a Do\u011fru T\u00fcrk Y\u00fcksek\u00f6\u011fretiminin Yol Haritas\u0131&#8221; tan\u0131t\u0131ld\u0131. Yol haritas\u0131nda; kalite odakl\u0131 s\u00fcre\u00e7 y\u00f6netimi, dijital ve veriye dayal\u0131 d\u00f6n\u00fc\u015f\u00fcm, uluslararas\u0131 g\u00f6r\u00fcn\u00fcrl\u00fc\u011f\u00fcn art\u0131r\u0131lmas\u0131, giri\u015fimcilik ve yenilik\u00e7ilik temel \u00f6ncelikler olarak \u00f6ne \u00e7\u0131kt\u0131.<\/p>\n<p>Toplant\u0131n\u0131n a\u00e7\u0131l\u0131\u015f\u0131nda konu\u015fan Y\u00d6K Ba\u015fkan\u0131 Prof. Dr. Erol \u00d6zvar, 2030 Yol Haritas\u0131\u2019n\u0131n yaln\u0131zca bir vizyon belgesi de\u011fil, ayn\u0131 zamanda uygulanabilir ve \u00f6l\u00e7\u00fclebilir bir eylem plan\u0131 oldu\u011funu vurgulad\u0131. \u00dcniversitelerin kurumsal kapasitelerinin geli\u015ftirilmesi, akademik m\u00fckemmeliyetin desteklenmesi, dijital d\u00f6n\u00fc\u015f\u00fcme uyum, uluslararas\u0131 alanda rekabet g\u00fcc\u00fcn\u00fcn art\u0131r\u0131lmas\u0131 ve giri\u015fimcilik ekosistemine katk\u0131 sa\u011flanmas\u0131 i\u00e7in somut ad\u0131mlar\u0131n planland\u0131\u011f\u0131n\u0131 ifade etti.<\/p>\n<p>Toplant\u0131, y\u00fcksek\u00f6\u011fretimin gelece\u011fini ortak ak\u0131l ve i\u015f birli\u011fiyle \u015fekillendirmeye y\u00f6nelik g\u00f6r\u00fc\u015f al\u0131\u015fveri\u015fiyle sona erdi.<br \/><\/p>\n","protected":false},"excerpt":{"rendered":"<p>AD\u00dc Rekt\u00f6r\u00fc Prof. Dr. B\u00fclent Kent ve Rekt\u00f6r Yard\u0131mc\u0131s\u0131 Prof. Dr. Cemal \u0130yem, Y\u00fcksek\u00f6\u011fretim Kurulu (Y\u00d6K) Ba\u015fkanl\u0131\u011f\u0131n\u0131n ev sahipli\u011finde 2 Ekim 2025 tarihinde Ankara\u2019da ger\u00e7ekle\u015ftirilen 262. \u00dcniversiteleraras\u0131 Kurul Toplant\u0131s\u0131\u2019na kat\u0131ld\u0131. Y\u00d6K Ba\u015fkan\u0131 Prof. Dr. Erol \u00d6zvar\u2019\u0131n ba\u015fkanl\u0131\u011f\u0131nda d\u00fczenlenen toplant\u0131da, y\u00fcksek\u00f6\u011fretimin gelece\u011fine y\u00f6n verecek &#8220;2030\u2019a Do\u011fru T\u00fcrk Y\u00fcksek\u00f6\u011fretiminin Yol Haritas\u0131&#8221; tan\u0131t\u0131ld\u0131. Yol haritas\u0131nda; kalite odakl\u0131 s\u00fcre\u00e7&#8230;<\/p>\n","protected":false},"author":1,"featured_media":58946,"comment_status":"open","ping_status":"open","sticky":false,"template":"","format":"standard","meta":{"_crdt_document":"","footnotes":""},"categories":[1],"tags":[],"class_list":["post-58945","post","type-post","status-publish","format-standard","has-post-thumbnail","hentry","category-guncel"],"_links":{"self":[{"href":"https:\/\/www.egemtv.com\/index.php?rest_route=\/wp\/v2\/posts\/58945","targetHints":{"allow":["GET"]}}],"collection":[{"href":"https:\/\/www.egemtv.com\/index.php?rest_route=\/wp\/v2\/posts"}],"about":[{"href":"https:\/\/www.egemtv.com\/index.php?rest_route=\/wp\/v2\/types\/post"}],"author":[{"embeddable":true,"href":"https:\/\/www.egemtv.com\/index.php?rest_route=\/wp\/v2\/users\/1"}],"replies":[{"embeddable":true,"href":"https:\/\/www.egemtv.com\/index.php?rest_route=%2Fwp%2Fv2%2Fcomments&post=58945"}],"version-history":[{"count":1,"href":"https:\/\/www.egemtv.com\/index.php?rest_route=\/wp\/v2\/posts\/58945\/revisions"}],"predecessor-version":[{"id":58947,"href":"https:\/\/www.egemtv.com\/index.php?rest_route=\/wp\/v2\/posts\/58945\/revisions\/58947"}],"wp:featuredmedia":[{"embeddable":true,"href":"https:\/\/www.egemtv.com\/index.php?rest_route=\/wp\/v2\/media\/58946"}],"wp:attachment":[{"href":"https:\/\/www.egemtv.com\/index.php?rest_route=%2Fwp%2Fv2%2Fmedia&parent=58945"}],"wp:term":[{"taxonomy":"category","embeddable":true,"href":"https:\/\/www.egemtv.com\/index.php?rest_route=%2Fwp%2Fv2%2Fcategories&post=58945"},{"taxonomy":"post_tag","embeddable":true,"href":"https:\/\/www.egemtv.com\/index.php?rest_route=%2Fwp%2Fv2%2Ftags&post=58945"}],"curies":[{"name":"wp","href":"https:\/\/api.w.org\/{rel}","templated":true}]}}