{"id":58942,"date":"2025-10-03T08:34:52","date_gmt":"2025-10-03T05:34:52","guid":{"rendered":"https:\/\/www.egemtv.com\/?p=58942"},"modified":"2025-10-03T08:34:53","modified_gmt":"2025-10-03T05:34:53","slug":"kaymakam-dalak-mahalle-ziyaretlerinde-sorunlari-dinledi","status":"publish","type":"post","link":"https:\/\/www.egemtv.com\/?p=58942","title":{"rendered":"Kaymakam Dalak, mahalle ziyaretlerinde sorunlar\u0131 dinledi"},"content":{"rendered":"<p>Sar\u0131g\u00f6l Kaymakam\u0131 Halil Dalak, kurum amirleriyle birlikte il\u00e7edeki mahalle ziyaretlerini s\u00fcrd\u00fcr\u00fcyor. Kaymakam Dalak, \u00c7imentepe, Kahramanlar ve Yenik\u00f6y mahallelerini ziyaret ederek vatanda\u015flarla bir araya geldi.<br \/>\n<br \/>Mahalle sakinleriyle sohbet eden Kaymakam Dalak, vatanda\u015flar\u0131n taleplerini dinledi. \u00d6zellikle e\u011fitim alan\u0131ndaki sorun ve ihtiya\u00e7lar\u0131n kendisine iletildi\u011fini belirten Dalak, \u00e7\u00f6z\u00fcm i\u00e7in gerekli \u00e7al\u0131\u015fmalar\u0131n yap\u0131laca\u011f\u0131n\u0131 ifade etti.<br \/>\n<br \/>Kaymakam Halil Dalak, ziyaret kapsam\u0131nda mahallelerdeki okullar\u0131 da gezerek \u00f6\u011fretmen ve \u00f6\u011frencilerle bulu\u015ftu. \u00d6\u011frencilerle sohbet eden Dalak, e\u011fitimin \u00f6nemine vurgu yaparak ba\u015far\u0131 dileklerinde bulundu.<br \/><\/p>\n","protected":false},"excerpt":{"rendered":"<p>Sar\u0131g\u00f6l Kaymakam\u0131 Halil Dalak, kurum amirleriyle birlikte il\u00e7edeki mahalle ziyaretlerini s\u00fcrd\u00fcr\u00fcyor. Kaymakam Dalak, \u00c7imentepe, Kahramanlar ve Yenik\u00f6y mahallelerini ziyaret ederek vatanda\u015flarla bir araya geldi. Mahalle sakinleriyle sohbet eden Kaymakam Dalak, vatanda\u015flar\u0131n taleplerini dinledi. \u00d6zellikle e\u011fitim alan\u0131ndaki sorun ve ihtiya\u00e7lar\u0131n kendisine iletildi\u011fini belirten Dalak, \u00e7\u00f6z\u00fcm i\u00e7in gerekli \u00e7al\u0131\u015fmalar\u0131n yap\u0131laca\u011f\u0131n\u0131 ifade etti. Kaymakam Halil Dalak, ziyaret kapsam\u0131nda&#8230;<\/p>\n","protected":false},"author":1,"featured_media":58943,"comment_status":"open","ping_status":"open","sticky":false,"template":"","format":"standard","meta":{"_crdt_document":"","footnotes":""},"categories":[123],"tags":[],"class_list":["post-58942","post","type-post","status-publish","format-standard","has-post-thumbnail","hentry","category-gundem"],"_links":{"self":[{"href":"https:\/\/www.egemtv.com\/index.php?rest_route=\/wp\/v2\/posts\/58942","targetHints":{"allow":["GET"]}}],"collection":[{"href":"https:\/\/www.egemtv.com\/index.php?rest_route=\/wp\/v2\/posts"}],"about":[{"href":"https:\/\/www.egemtv.com\/index.php?rest_route=\/wp\/v2\/types\/post"}],"author":[{"embeddable":true,"href":"https:\/\/www.egemtv.com\/index.php?rest_route=\/wp\/v2\/users\/1"}],"replies":[{"embeddable":true,"href":"https:\/\/www.egemtv.com\/index.php?rest_route=%2Fwp%2Fv2%2Fcomments&post=58942"}],"version-history":[{"count":1,"href":"https:\/\/www.egemtv.com\/index.php?rest_route=\/wp\/v2\/posts\/58942\/revisions"}],"predecessor-version":[{"id":58944,"href":"https:\/\/www.egemtv.com\/index.php?rest_route=\/wp\/v2\/posts\/58942\/revisions\/58944"}],"wp:featuredmedia":[{"embeddable":true,"href":"https:\/\/www.egemtv.com\/index.php?rest_route=\/wp\/v2\/media\/58943"}],"wp:attachment":[{"href":"https:\/\/www.egemtv.com\/index.php?rest_route=%2Fwp%2Fv2%2Fmedia&parent=58942"}],"wp:term":[{"taxonomy":"category","embeddable":true,"href":"https:\/\/www.egemtv.com\/index.php?rest_route=%2Fwp%2Fv2%2Fcategories&post=58942"},{"taxonomy":"post_tag","embeddable":true,"href":"https:\/\/www.egemtv.com\/index.php?rest_route=%2Fwp%2Fv2%2Ftags&post=58942"}],"curies":[{"name":"wp","href":"https:\/\/api.w.org\/{rel}","templated":true}]}}