{"id":58939,"date":"2025-10-03T08:34:49","date_gmt":"2025-10-03T05:34:49","guid":{"rendered":"https:\/\/www.egemtv.com\/?p=58939"},"modified":"2025-10-03T08:34:50","modified_gmt":"2025-10-03T05:34:50","slug":"atolyede-1-gun-projesi-gordeste-basladi","status":"publish","type":"post","link":"https:\/\/www.egemtv.com\/?p=58939","title":{"rendered":"&#8220;At\u00f6lyede 1 G\u00fcn Projesi&#8221; G\u00f6rdes\u2019te ba\u015flad\u0131"},"content":{"rendered":"<p>Manisa \u0130l Milli E\u011fitim M\u00fcd\u00fcrl\u00fc\u011f\u00fcn\u00fcn ortaokul son s\u0131n\u0131f \u00f6\u011frencilerine y\u00f6nelik haz\u0131rlad\u0131\u011f\u0131 &#8220;At\u00f6lyede 1 G\u00fcn&#8221; projesi, ilk kez G\u00f6rdes Mesleki ve Teknik Anadolu Lisesinde hayata ge\u00e7irildi.<br \/>\n<br \/>Manisa \u0130l Milli E\u011fitim M\u00fcd\u00fcrl\u00fc\u011f\u00fcnce ortaokul son s\u0131n\u0131f \u00f6\u011frencilerine y\u00f6nelik haz\u0131rlanan &#8220;At\u00f6lyede 1 G\u00fcn&#8221; projesi, G\u00f6rdes Mesleki ve Teknik Anadolu Lisesinde d\u00fczenlenen programla ba\u015flad\u0131.<br \/>\n<br \/>Projenin a\u00e7\u0131l\u0131\u015f\u0131na \u0130l Milli E\u011fitim M\u00fcd\u00fcr\u00fc Mehmet U\u011furelli, G\u00f6rdes \u0130l\u00e7e Milli E\u011fitim M\u00fcd\u00fcr\u00fc \u0130brahim Co\u015fkun \u00c7elik, G\u00f6rdes Mesleki ve Teknik Anadolu Lisesi M\u00fcd\u00fcr\u00fc Ufuk G\u00fclcan, \u00f6\u011fretmenler ve G\u00f6rdes \u015eehit Cemal Aybey \u0130mam Hatip Ortaokulundan 37 \u00f6\u011frenci kat\u0131ld\u0131.<br \/>\n<br \/>Programda konu\u015fan \u0130l Milli E\u011fitim M\u00fcd\u00fcr\u00fc Mehmet U\u011furelli, proje hakk\u0131nda bilgi vererek, &#8220;Manisa\u2019m\u0131zda ba\u015flatt\u0131\u011f\u0131m\u0131z \u2018At\u00f6lyede 1 G\u00fcn\u2019 projesiyle ortaokul \u00f6\u011frencilerimiz meslek liselerimizdeki at\u00f6lyelerde bir g\u00fcn ge\u00e7iriyor. Gelecekler, g\u00f6recekler, \u00fcretecekler, fark edecekler. Bu sadece bir gezi de\u011fil, ayn\u0131 zamanda etkinlik olacak. Amac\u0131m\u0131z \u00e7ocuklar\u0131m\u0131z\u0131n \u00f6zg\u00fcvenlerini geli\u015ftirmelerine, meslek bilinci kazanmalar\u0131na ve gelece\u011fe dair fikir \u00fcretmelerine katk\u0131 sa\u011flamak. T\u00fcrkiye Y\u00fczy\u0131l\u0131 Maarif Modeli\u2019nin eylem-de\u011fer-erdem yakla\u015f\u0131m\u0131na uygun bir ad\u0131m atmak istedik. Hay\u0131rl\u0131 u\u011furlu olsun.&#8221; dedi.<br \/>\n<br \/>Konu\u015fmalar\u0131n ard\u0131ndan \u00f6\u011frenciler, elektrik-elektronik teknolojisi, mobilya ve i\u00e7 mekan tasar\u0131m\u0131, metal teknolojisi, yiyecek-i\u00e7ecek hizmetleri ve kimya teknolojisi b\u00f6l\u00fcmlerinde uygulamal\u0131 etkinliklere kat\u0131ld\u0131. Ayr\u0131ca \u00f6zel e\u011fitim s\u0131n\u0131f\u0131ndaki \u00f6\u011frencilerle de uygulamal\u0131 \u00e7al\u0131\u015fmalar yap\u0131ld\u0131. \u00d6\u011frencilere boya ve kalem setleri hediye edildi.<br \/>\n<br \/>At\u00f6lyelerdeki \u00e7al\u0131\u015fmalar\u0131 yerinde inceleyen \u0130l Milli E\u011fitim M\u00fcd\u00fcr\u00fc Mehmet U\u011furelli, \u00f6\u011fretmenlere te\u015fekk\u00fcr ederek kalem seti hediye etti. Program, toplu foto\u011fraf \u00e7ekimiyle sona erdi.<br \/>\n<br \/>G\u00f6rdes \u0130l\u00e7e Milli E\u011fitim M\u00fcd\u00fcr\u00fc \u0130brahim Co\u015fkun \u00c7elik, projenin il\u00e7elerinde ba\u015flamas\u0131n\u0131n anlaml\u0131 oldu\u011funu vurgulayarak, &#8220;\u0130lk misafirlerimizi a\u011f\u0131rlad\u0131k. Bundan sonraki s\u00fcre\u00e7te merkez ve mahallelerdeki okullar\u0131m\u0131z\u0131 at\u00f6lyelerimizde bir g\u00fcn misafir edece\u011fiz&#8221; dedi.<br \/><\/p>\n","protected":false},"excerpt":{"rendered":"<p>Manisa \u0130l Milli E\u011fitim M\u00fcd\u00fcrl\u00fc\u011f\u00fcn\u00fcn ortaokul son s\u0131n\u0131f \u00f6\u011frencilerine y\u00f6nelik haz\u0131rlad\u0131\u011f\u0131 &#8220;At\u00f6lyede 1 G\u00fcn&#8221; projesi, ilk kez G\u00f6rdes Mesleki ve Teknik Anadolu Lisesinde hayata ge\u00e7irildi. Manisa \u0130l Milli E\u011fitim M\u00fcd\u00fcrl\u00fc\u011f\u00fcnce ortaokul son s\u0131n\u0131f \u00f6\u011frencilerine y\u00f6nelik haz\u0131rlanan &#8220;At\u00f6lyede 1 G\u00fcn&#8221; projesi, G\u00f6rdes Mesleki ve Teknik Anadolu Lisesinde d\u00fczenlenen programla ba\u015flad\u0131. Projenin a\u00e7\u0131l\u0131\u015f\u0131na \u0130l Milli E\u011fitim M\u00fcd\u00fcr\u00fc&#8230;<\/p>\n","protected":false},"author":1,"featured_media":58940,"comment_status":"open","ping_status":"open","sticky":false,"template":"","format":"standard","meta":{"_crdt_document":"","footnotes":""},"categories":[1],"tags":[],"class_list":["post-58939","post","type-post","status-publish","format-standard","has-post-thumbnail","hentry","category-guncel"],"_links":{"self":[{"href":"https:\/\/www.egemtv.com\/index.php?rest_route=\/wp\/v2\/posts\/58939","targetHints":{"allow":["GET"]}}],"collection":[{"href":"https:\/\/www.egemtv.com\/index.php?rest_route=\/wp\/v2\/posts"}],"about":[{"href":"https:\/\/www.egemtv.com\/index.php?rest_route=\/wp\/v2\/types\/post"}],"author":[{"embeddable":true,"href":"https:\/\/www.egemtv.com\/index.php?rest_route=\/wp\/v2\/users\/1"}],"replies":[{"embeddable":true,"href":"https:\/\/www.egemtv.com\/index.php?rest_route=%2Fwp%2Fv2%2Fcomments&post=58939"}],"version-history":[{"count":1,"href":"https:\/\/www.egemtv.com\/index.php?rest_route=\/wp\/v2\/posts\/58939\/revisions"}],"predecessor-version":[{"id":58941,"href":"https:\/\/www.egemtv.com\/index.php?rest_route=\/wp\/v2\/posts\/58939\/revisions\/58941"}],"wp:featuredmedia":[{"embeddable":true,"href":"https:\/\/www.egemtv.com\/index.php?rest_route=\/wp\/v2\/media\/58940"}],"wp:attachment":[{"href":"https:\/\/www.egemtv.com\/index.php?rest_route=%2Fwp%2Fv2%2Fmedia&parent=58939"}],"wp:term":[{"taxonomy":"category","embeddable":true,"href":"https:\/\/www.egemtv.com\/index.php?rest_route=%2Fwp%2Fv2%2Fcategories&post=58939"},{"taxonomy":"post_tag","embeddable":true,"href":"https:\/\/www.egemtv.com\/index.php?rest_route=%2Fwp%2Fv2%2Ftags&post=58939"}],"curies":[{"name":"wp","href":"https:\/\/api.w.org\/{rel}","templated":true}]}}