{"id":58936,"date":"2025-10-03T08:34:44","date_gmt":"2025-10-03T05:34:44","guid":{"rendered":"https:\/\/www.egemtv.com\/?p=58936"},"modified":"2025-10-03T08:34:46","modified_gmt":"2025-10-03T05:34:46","slug":"atsodan-egitime-geleneksel-destek","status":"publish","type":"post","link":"https:\/\/www.egemtv.com\/?p=58936","title":{"rendered":"ATSO\u2019dan e\u011fitime geleneksel destek"},"content":{"rendered":"<p>Ala\u015fehir Ticaret ve Sanayi Odas\u0131, sosyal sorumluluk projeleri kapsam\u0131nda geleneksel hale getirdi\u011fi e\u011fitim destek faaliyetlerine bu y\u0131l da devam etti. Oda, Sar\u0131g\u00f6l il\u00e7esindeki maddi durumu yetersiz olan \u00f6\u011frenciler i\u00e7in ayakkab\u0131 yard\u0131m\u0131nda bulundu.<br \/>\n<br \/>Haz\u0131rlanan yard\u0131mlar Sar\u0131g\u00f6l \u0130l\u00e7e Milli E\u011fitim M\u00fcd\u00fcrl\u00fc\u011f\u00fc\u2019ne teslim edildi. Ala\u015fehir Ticaret ve Sanayi Odas\u0131 Ba\u015fkan\u0131 Mustafa Seyhan, her y\u0131l geleneksel olarak \u00f6\u011frencilerin yan\u0131nda olduklar\u0131n\u0131 belirterek, &#8220;Her y\u0131l oda olarak ihtiyac\u0131 olan \u00f6\u011frencilerimizi desteklemek i\u00e7in yard\u0131mlar yap\u0131yoruz&#8221; dedi.<br \/>\n<br \/>Sar\u0131g\u00f6l \u0130l\u00e7e Milli E\u011fitim M\u00fcd\u00fcr\u00fc Cezmi Y\u0131ld\u0131rak ise e\u011fitime verilen destekten dolay\u0131 te\u015fekk\u00fcr ederek, &#8220;Ala\u015fehir Ticaret ve Sanayi Odas\u0131 Ba\u015fkan\u0131 Mustafa Seyhan\u2019a ve heyetine te\u015fekk\u00fcr ediyorum&#8221; diye konu\u015ftu.<br \/><\/p>\n","protected":false},"excerpt":{"rendered":"<p>Ala\u015fehir Ticaret ve Sanayi Odas\u0131, sosyal sorumluluk projeleri kapsam\u0131nda geleneksel hale getirdi\u011fi e\u011fitim destek faaliyetlerine bu y\u0131l da devam etti. Oda, Sar\u0131g\u00f6l il\u00e7esindeki maddi durumu yetersiz olan \u00f6\u011frenciler i\u00e7in ayakkab\u0131 yard\u0131m\u0131nda bulundu. Haz\u0131rlanan yard\u0131mlar Sar\u0131g\u00f6l \u0130l\u00e7e Milli E\u011fitim M\u00fcd\u00fcrl\u00fc\u011f\u00fc\u2019ne teslim edildi. Ala\u015fehir Ticaret ve Sanayi Odas\u0131 Ba\u015fkan\u0131 Mustafa Seyhan, her y\u0131l geleneksel olarak \u00f6\u011frencilerin yan\u0131nda&#8230;<\/p>\n","protected":false},"author":1,"featured_media":58937,"comment_status":"open","ping_status":"open","sticky":false,"template":"","format":"standard","meta":{"_crdt_document":"","footnotes":""},"categories":[1],"tags":[],"class_list":["post-58936","post","type-post","status-publish","format-standard","has-post-thumbnail","hentry","category-guncel"],"_links":{"self":[{"href":"https:\/\/www.egemtv.com\/index.php?rest_route=\/wp\/v2\/posts\/58936","targetHints":{"allow":["GET"]}}],"collection":[{"href":"https:\/\/www.egemtv.com\/index.php?rest_route=\/wp\/v2\/posts"}],"about":[{"href":"https:\/\/www.egemtv.com\/index.php?rest_route=\/wp\/v2\/types\/post"}],"author":[{"embeddable":true,"href":"https:\/\/www.egemtv.com\/index.php?rest_route=\/wp\/v2\/users\/1"}],"replies":[{"embeddable":true,"href":"https:\/\/www.egemtv.com\/index.php?rest_route=%2Fwp%2Fv2%2Fcomments&post=58936"}],"version-history":[{"count":1,"href":"https:\/\/www.egemtv.com\/index.php?rest_route=\/wp\/v2\/posts\/58936\/revisions"}],"predecessor-version":[{"id":58938,"href":"https:\/\/www.egemtv.com\/index.php?rest_route=\/wp\/v2\/posts\/58936\/revisions\/58938"}],"wp:featuredmedia":[{"embeddable":true,"href":"https:\/\/www.egemtv.com\/index.php?rest_route=\/wp\/v2\/media\/58937"}],"wp:attachment":[{"href":"https:\/\/www.egemtv.com\/index.php?rest_route=%2Fwp%2Fv2%2Fmedia&parent=58936"}],"wp:term":[{"taxonomy":"category","embeddable":true,"href":"https:\/\/www.egemtv.com\/index.php?rest_route=%2Fwp%2Fv2%2Fcategories&post=58936"},{"taxonomy":"post_tag","embeddable":true,"href":"https:\/\/www.egemtv.com\/index.php?rest_route=%2Fwp%2Fv2%2Ftags&post=58936"}],"curies":[{"name":"wp","href":"https:\/\/api.w.org\/{rel}","templated":true}]}}