{"id":58933,"date":"2025-10-03T08:34:41","date_gmt":"2025-10-03T05:34:41","guid":{"rendered":"https:\/\/www.egemtv.com\/?p=58933"},"modified":"2025-10-03T08:34:43","modified_gmt":"2025-10-03T05:34:43","slug":"minik-ogrenciler-fidan-dikmeyi-ogrendi","status":"publish","type":"post","link":"https:\/\/www.egemtv.com\/?p=58933","title":{"rendered":"Minik \u00f6\u011frenciler fidan dikmeyi \u00f6\u011frendi"},"content":{"rendered":"<p>Manisa\u2019n\u0131n Sar\u0131g\u00f6l il\u00e7esinde Halil Duran \u0130lk\u00f6\u011fretim Okulu ana s\u0131n\u0131f\u0131, ilkokul ve ortaokul \u00f6\u011frencileri, okul bah\u00e7esinde fidan dikerek do\u011fay\u0131 koruman\u0131n \u00f6nemini \u00f6\u011frendi.<br \/>\n<br \/>Sar\u0131g\u00f6l Ba\u011fl\u0131ca Halil Duran \u0130lk\u00f6\u011fretim Okulu M\u00fcd\u00fcr\u00fc Ahmet Balamutcu, \u00fclke genelinde ya\u015fanan orman yang\u0131nlar\u0131na dikkat \u00e7ekerek, Milli E\u011fitim Bakanl\u0131\u011f\u0131\u2019n\u0131n &#8220;Ye\u015fil Vatan Projesi&#8221; kapsam\u0131nda \u00f6\u011frencilerle fidan dikim etkinli\u011fi ger\u00e7ekle\u015ftirdiklerini s\u00f6yledi.<br \/>\n<br \/>Etkinlikte okul \u00f6ncesi \u00f6\u011fretmeni Emine Uysal, miniklere fidan dikmenin \u00f6nemini anlatt\u0131. \u00d6\u011frencilerle birlikte okul bah\u00e7esine fidan dikilirken, mevcut \u00e7i\u00e7ek ve a\u011fa\u00e7lar\u0131n bak\u0131mlar\u0131 da yap\u0131ld\u0131. Ana s\u0131n\u0131f\u0131 \u00f6\u011frencileri ise toplad\u0131klar\u0131 yapraklarla resim \u00e7al\u0131\u015fmas\u0131 yaparak do\u011fa sevgisini peki\u015ftirdi.<br \/><\/p>\n","protected":false},"excerpt":{"rendered":"<p>Manisa\u2019n\u0131n Sar\u0131g\u00f6l il\u00e7esinde Halil Duran \u0130lk\u00f6\u011fretim Okulu ana s\u0131n\u0131f\u0131, ilkokul ve ortaokul \u00f6\u011frencileri, okul bah\u00e7esinde fidan dikerek do\u011fay\u0131 koruman\u0131n \u00f6nemini \u00f6\u011frendi. Sar\u0131g\u00f6l Ba\u011fl\u0131ca Halil Duran \u0130lk\u00f6\u011fretim Okulu M\u00fcd\u00fcr\u00fc Ahmet Balamutcu, \u00fclke genelinde ya\u015fanan orman yang\u0131nlar\u0131na dikkat \u00e7ekerek, Milli E\u011fitim Bakanl\u0131\u011f\u0131\u2019n\u0131n &#8220;Ye\u015fil Vatan Projesi&#8221; kapsam\u0131nda \u00f6\u011frencilerle fidan dikim etkinli\u011fi ger\u00e7ekle\u015ftirdiklerini s\u00f6yledi. Etkinlikte okul \u00f6ncesi \u00f6\u011fretmeni Emine&#8230;<\/p>\n","protected":false},"author":1,"featured_media":58934,"comment_status":"open","ping_status":"open","sticky":false,"template":"","format":"standard","meta":{"_crdt_document":"","footnotes":""},"categories":[1],"tags":[],"class_list":["post-58933","post","type-post","status-publish","format-standard","has-post-thumbnail","hentry","category-guncel"],"_links":{"self":[{"href":"https:\/\/www.egemtv.com\/index.php?rest_route=\/wp\/v2\/posts\/58933","targetHints":{"allow":["GET"]}}],"collection":[{"href":"https:\/\/www.egemtv.com\/index.php?rest_route=\/wp\/v2\/posts"}],"about":[{"href":"https:\/\/www.egemtv.com\/index.php?rest_route=\/wp\/v2\/types\/post"}],"author":[{"embeddable":true,"href":"https:\/\/www.egemtv.com\/index.php?rest_route=\/wp\/v2\/users\/1"}],"replies":[{"embeddable":true,"href":"https:\/\/www.egemtv.com\/index.php?rest_route=%2Fwp%2Fv2%2Fcomments&post=58933"}],"version-history":[{"count":1,"href":"https:\/\/www.egemtv.com\/index.php?rest_route=\/wp\/v2\/posts\/58933\/revisions"}],"predecessor-version":[{"id":58935,"href":"https:\/\/www.egemtv.com\/index.php?rest_route=\/wp\/v2\/posts\/58933\/revisions\/58935"}],"wp:featuredmedia":[{"embeddable":true,"href":"https:\/\/www.egemtv.com\/index.php?rest_route=\/wp\/v2\/media\/58934"}],"wp:attachment":[{"href":"https:\/\/www.egemtv.com\/index.php?rest_route=%2Fwp%2Fv2%2Fmedia&parent=58933"}],"wp:term":[{"taxonomy":"category","embeddable":true,"href":"https:\/\/www.egemtv.com\/index.php?rest_route=%2Fwp%2Fv2%2Fcategories&post=58933"},{"taxonomy":"post_tag","embeddable":true,"href":"https:\/\/www.egemtv.com\/index.php?rest_route=%2Fwp%2Fv2%2Ftags&post=58933"}],"curies":[{"name":"wp","href":"https:\/\/api.w.org\/{rel}","templated":true}]}}