{"id":58927,"date":"2025-10-02T20:59:19","date_gmt":"2025-10-02T17:59:19","guid":{"rendered":"https:\/\/www.egemtv.com\/?p=58927"},"modified":"2025-10-02T20:59:21","modified_gmt":"2025-10-02T17:59:21","slug":"tirin-carptigi-motosikletteki-iki-genc-hayatini-kaybetti","status":"publish","type":"post","link":"https:\/\/www.egemtv.com\/?p=58927","title":{"rendered":"T\u0131r\u0131n \u00e7arpt\u0131\u011f\u0131 motosikletteki iki gen\u00e7 hayat\u0131n\u0131 kaybetti"},"content":{"rendered":"<p>Afyonkarahisar\u2019da t\u0131r\u0131n \u00e7arpt\u0131\u011f\u0131 motosikletteki 2 gen\u00e7 hayat\u0131n\u0131 kaybetti.<br \/>\n<br \/>Kaza, Konya K\u00f6pr\u00fcl\u00fc Kav\u015fak yak\u0131nlar\u0131nda meydana geldi. Edinilen bilgilere g\u00f6re, U.K. idaresindeki 43 AFP 883 plakal\u0131 t\u0131r hen\u00fcz belirlenemeyen bir sebepten \u00f6t\u00fcr\u00fc O.S.E.\u2019nin (24) kulland\u0131\u011f\u0131 03 ADL 504 plakal\u0131 motosiklete \u00e7arpt\u0131. Kazan\u0131n ard\u0131ndan \u00e7evredekilerin haber vermesi \u00fczerine b\u00f6lgeye polis ve sa\u011fl\u0131k ekipleri sevk edildi. Olay yerine gelen ekipler yaralanan motosiklet s\u00fcr\u00fcc\u00fcs\u00fc O.S.E. ve U.C.O.\u2019yu (21) ambulansla hastaneye kald\u0131rd\u0131. Yaral\u0131lar hastanede yap\u0131lan m\u00fcdahaleye ra\u011fmen kurtar\u0131lamayarak ya\u015fam\u0131n\u0131 yitirdi.<br \/>\n<br \/>Kazan\u0131n ard\u0131ndan savc\u0131l\u0131k taraf\u0131ndan soru\u015fturma ba\u015flat\u0131ld\u0131\u011f\u0131 bildirildi.<br \/><\/p>\n","protected":false},"excerpt":{"rendered":"<p>Afyonkarahisar\u2019da t\u0131r\u0131n \u00e7arpt\u0131\u011f\u0131 motosikletteki 2 gen\u00e7 hayat\u0131n\u0131 kaybetti. Kaza, Konya K\u00f6pr\u00fcl\u00fc Kav\u015fak yak\u0131nlar\u0131nda meydana geldi. Edinilen bilgilere g\u00f6re, U.K. idaresindeki 43 AFP 883 plakal\u0131 t\u0131r hen\u00fcz belirlenemeyen bir sebepten \u00f6t\u00fcr\u00fc O.S.E.\u2019nin (24) kulland\u0131\u011f\u0131 03 ADL 504 plakal\u0131 motosiklete \u00e7arpt\u0131. Kazan\u0131n ard\u0131ndan \u00e7evredekilerin haber vermesi \u00fczerine b\u00f6lgeye polis ve sa\u011fl\u0131k ekipleri sevk edildi. Olay yerine gelen&#8230;<\/p>\n","protected":false},"author":1,"featured_media":58928,"comment_status":"open","ping_status":"open","sticky":false,"template":"","format":"standard","meta":{"_crdt_document":"","footnotes":""},"categories":[5],"tags":[],"class_list":["post-58927","post","type-post","status-publish","format-standard","has-post-thumbnail","hentry","category-asayis"],"_links":{"self":[{"href":"https:\/\/www.egemtv.com\/index.php?rest_route=\/wp\/v2\/posts\/58927","targetHints":{"allow":["GET"]}}],"collection":[{"href":"https:\/\/www.egemtv.com\/index.php?rest_route=\/wp\/v2\/posts"}],"about":[{"href":"https:\/\/www.egemtv.com\/index.php?rest_route=\/wp\/v2\/types\/post"}],"author":[{"embeddable":true,"href":"https:\/\/www.egemtv.com\/index.php?rest_route=\/wp\/v2\/users\/1"}],"replies":[{"embeddable":true,"href":"https:\/\/www.egemtv.com\/index.php?rest_route=%2Fwp%2Fv2%2Fcomments&post=58927"}],"version-history":[{"count":1,"href":"https:\/\/www.egemtv.com\/index.php?rest_route=\/wp\/v2\/posts\/58927\/revisions"}],"predecessor-version":[{"id":58929,"href":"https:\/\/www.egemtv.com\/index.php?rest_route=\/wp\/v2\/posts\/58927\/revisions\/58929"}],"wp:featuredmedia":[{"embeddable":true,"href":"https:\/\/www.egemtv.com\/index.php?rest_route=\/wp\/v2\/media\/58928"}],"wp:attachment":[{"href":"https:\/\/www.egemtv.com\/index.php?rest_route=%2Fwp%2Fv2%2Fmedia&parent=58927"}],"wp:term":[{"taxonomy":"category","embeddable":true,"href":"https:\/\/www.egemtv.com\/index.php?rest_route=%2Fwp%2Fv2%2Fcategories&post=58927"},{"taxonomy":"post_tag","embeddable":true,"href":"https:\/\/www.egemtv.com\/index.php?rest_route=%2Fwp%2Fv2%2Ftags&post=58927"}],"curies":[{"name":"wp","href":"https:\/\/api.w.org\/{rel}","templated":true}]}}