{"id":58921,"date":"2025-10-02T19:54:46","date_gmt":"2025-10-02T16:54:46","guid":{"rendered":"https:\/\/www.egemtv.com\/?p=58921"},"modified":"2025-10-02T19:54:47","modified_gmt":"2025-10-02T16:54:47","slug":"32-uluslararasi-mugla-kultur-ve-sanat-senligi-basladi","status":"publish","type":"post","link":"https:\/\/www.egemtv.com\/?p=58921","title":{"rendered":"32. Uluslararas\u0131 Mu\u011fla k\u00fclt\u00fcr ve sanat \u015fenli\u011fi ba\u015flad\u0131"},"content":{"rendered":"<p>Mu\u011fla B\u00fcy\u00fck\u015fehir Belediyesi ve Mente\u015fe Belediyesi taraf\u0131ndan ortakla\u015fa d\u00fczenlenen 32. Mu\u011fla K\u00fclt\u00fcr ve Sanat \u015eenli\u011fi ba\u015flad\u0131. \u015eenlik ate\u015fi yak\u0131lmas\u0131, dostluk g\u00fcvercini sal\u0131nmas\u0131 ve kortej y\u00fcr\u00fcy\u00fc\u015f\u00fc ile ba\u015flayan festival d\u00f6rt g\u00fcn boyunca s\u00fcrecek \u00e7e\u015fitli etkinlik ve konserlere ev sahipli\u011fi yapacak.<br \/>\n<br \/>\u015eenlik a\u00e7\u0131l\u0131\u015f\u0131nda konu\u015fan  Mente\u015fe Belediye Ba\u015fkan\u0131 Gonca K\u00f6ksal Aras, g\u00f6revi devrald\u0131ktan sonra bu onurlu g\u00f6revi s\u00fcrd\u00fcrmekten duydu\u011fu memnuniyeti dile getirdi. Mu\u011fla\u2019n\u0131n ve Mente\u015fe\u2019nin b\u00fcy\u00fck bir miras\u0131n \u00fczerinde ya\u015fad\u0131\u011f\u0131n\u0131 vurgulayan Ba\u015fkan K\u00f6ksal Aras, bu miras\u0131n korunarak gelecek nesillere ta\u015f\u0131nmas\u0131n\u0131n \u00f6nemini belirtti.<br \/>\n<br \/>K\u00f6ksal Aras, \u015fenlik kapsam\u0131nda hedeflerini \u015f\u00f6yle s\u0131ralad\u0131: &#8220;Mente\u015fe\u2019nin tarihini, k\u00fclt\u00fcr\u00fcn\u00fc, miras\u0131n\u0131, Y\u00f6r\u00fck k\u00fclt\u00fcr\u00fcn\u00fc, el sanatlar\u0131n\u0131 ve y\u00f6resel lezzetlerini ulusal ve uluslararas\u0131 platformda daha g\u00f6r\u00fcn\u00fcr k\u0131lmak. \u015eenli\u011fin 1984 y\u0131l\u0131ndan beri yap\u0131ld\u0131\u011f\u0131n\u0131 ve ge\u00e7mi\u015fte \u00f6nemli isimleri a\u011f\u0131rlad\u0131&#8221; dedi. \u015eenli\u011fin, bu y\u0131l 80\u2019incisi d\u00fczenlenecek olan Cumhuriyet Gazetesi Yunus Nadi \u00d6d\u00fcl T\u00f6reni\u2019ne ikinci kez ev sahipli\u011fi yapacaklar\u0131n\u0131 a\u00e7\u0131klad\u0131.<br \/>\n<br \/>Ba\u015fkan K\u00f6ksal Aras, \u015fenli\u011fin ger\u00e7ek sahibinin t\u00fcm Mu\u011fla halk\u0131 oldu\u011funu belirterek, eme\u011fi ge\u00e7en herkese, \u00f6zellikle de e\u015fi B\u00fcy\u00fck\u015fehir Belediye Ba\u015fkan\u0131 Ahmet Aras\u2019a katk\u0131lar\u0131ndan dolay\u0131 te\u015fekk\u00fcr etti.<br \/>\n<br \/>Mu\u011fla B\u00fcy\u00fck\u015fehir Belediye Ba\u015fkan\u0131 Ahmet Aras ise konu\u015fmas\u0131nda, \u015fenliklerin ve benzeri etkinliklerin Dat\u00e7a\u2019dan Bodrum\u2019a, Kavakl\u0131dere\u2019den Marmaris\u2019e kadar t\u00fcm il genelindeki k\u00fclt\u00fcr ve sanata hizmet etti\u011fini ifade etti.<br \/>\n<br \/>Ba\u015fkan Aras, d\u00f6rt g\u00fcn s\u00fcrecek etkinliklerde gastronomiden sanata, \u00f6rf, adet ve tar\u0131m k\u00fclt\u00fcr\u00fcne kadar bir\u00e7ok alan\u0131n sergilenece\u011fini belirtti. T\u00fcm Mu\u011fla halk\u0131n\u0131 \u015fenli\u011fe kat\u0131lmaya davet ederek, kat\u0131l\u0131m\u0131n \u015fenli\u011fi zenginle\u015ftirece\u011fini ve g\u00fczelle\u015ftirece\u011fini s\u00f6yledi. Programdaki tiyatrolar, s\u00f6yle\u015filer, konserler, \u00e7ocuk etkinlikleri ve sergilere dikkat \u00e7ekerek, herkesi bir arada olmaya \u00e7a\u011f\u0131rd\u0131.<br \/>\n<br \/>Ba\u015fkan Aras, bu g\u00fczel \u015fenli\u011fin sonsuza kadar s\u00fcrmesi dileklerini ileterek konu\u015fmas\u0131n\u0131 tamamlad\u0131.<br \/><\/p>\n","protected":false},"excerpt":{"rendered":"<p>Mu\u011fla B\u00fcy\u00fck\u015fehir Belediyesi ve Mente\u015fe Belediyesi taraf\u0131ndan ortakla\u015fa d\u00fczenlenen 32. Mu\u011fla K\u00fclt\u00fcr ve Sanat \u015eenli\u011fi ba\u015flad\u0131. \u015eenlik ate\u015fi yak\u0131lmas\u0131, dostluk g\u00fcvercini sal\u0131nmas\u0131 ve kortej y\u00fcr\u00fcy\u00fc\u015f\u00fc ile ba\u015flayan festival d\u00f6rt g\u00fcn boyunca s\u00fcrecek \u00e7e\u015fitli etkinlik ve konserlere ev sahipli\u011fi yapacak. \u015eenlik a\u00e7\u0131l\u0131\u015f\u0131nda konu\u015fan Mente\u015fe Belediye Ba\u015fkan\u0131 Gonca K\u00f6ksal Aras, g\u00f6revi devrald\u0131ktan sonra bu onurlu g\u00f6revi s\u00fcrd\u00fcrmekten&#8230;<\/p>\n","protected":false},"author":1,"featured_media":58922,"comment_status":"open","ping_status":"open","sticky":false,"template":"","format":"standard","meta":{"_crdt_document":"","footnotes":""},"categories":[1],"tags":[],"class_list":["post-58921","post","type-post","status-publish","format-standard","has-post-thumbnail","hentry","category-guncel"],"_links":{"self":[{"href":"https:\/\/www.egemtv.com\/index.php?rest_route=\/wp\/v2\/posts\/58921","targetHints":{"allow":["GET"]}}],"collection":[{"href":"https:\/\/www.egemtv.com\/index.php?rest_route=\/wp\/v2\/posts"}],"about":[{"href":"https:\/\/www.egemtv.com\/index.php?rest_route=\/wp\/v2\/types\/post"}],"author":[{"embeddable":true,"href":"https:\/\/www.egemtv.com\/index.php?rest_route=\/wp\/v2\/users\/1"}],"replies":[{"embeddable":true,"href":"https:\/\/www.egemtv.com\/index.php?rest_route=%2Fwp%2Fv2%2Fcomments&post=58921"}],"version-history":[{"count":1,"href":"https:\/\/www.egemtv.com\/index.php?rest_route=\/wp\/v2\/posts\/58921\/revisions"}],"predecessor-version":[{"id":58923,"href":"https:\/\/www.egemtv.com\/index.php?rest_route=\/wp\/v2\/posts\/58921\/revisions\/58923"}],"wp:featuredmedia":[{"embeddable":true,"href":"https:\/\/www.egemtv.com\/index.php?rest_route=\/wp\/v2\/media\/58922"}],"wp:attachment":[{"href":"https:\/\/www.egemtv.com\/index.php?rest_route=%2Fwp%2Fv2%2Fmedia&parent=58921"}],"wp:term":[{"taxonomy":"category","embeddable":true,"href":"https:\/\/www.egemtv.com\/index.php?rest_route=%2Fwp%2Fv2%2Fcategories&post=58921"},{"taxonomy":"post_tag","embeddable":true,"href":"https:\/\/www.egemtv.com\/index.php?rest_route=%2Fwp%2Fv2%2Ftags&post=58921"}],"curies":[{"name":"wp","href":"https:\/\/api.w.org\/{rel}","templated":true}]}}