{"id":58918,"date":"2025-10-02T19:54:43","date_gmt":"2025-10-02T16:54:43","guid":{"rendered":"https:\/\/www.egemtv.com\/?p=58918"},"modified":"2025-10-02T19:54:44","modified_gmt":"2025-10-02T16:54:44","slug":"manisa-fkli-bodur-ve-yuce-u18-milli-takimina-davet-edildi","status":"publish","type":"post","link":"https:\/\/www.egemtv.com\/?p=58918","title":{"rendered":"Manisa FK\u2019l\u0131 Bodur ve Y\u00fcce, U18 Milli Tak\u0131m\u0131\u2019na davet edildi"},"content":{"rendered":"<p>MAN\u0130SA (\u0130HA) \u2013 Trendyol 1. Lig ekiplerinden Manisa Futbol Kul\u00fcb\u00fc\u2019n\u00fcn gen\u00e7 oyuncular\u0131 Sarp Saim Bodur ve Yunus Emre Y\u00fcce, U18 Milli Tak\u0131m\u0131\u2019n\u0131n Uluslararas\u0131 D\u00f6rtl\u00fc Turnuva aday kadrosuna davet edildi.<br \/>\n<br \/>U18 Milli Tak\u0131m\u0131\u2019n\u0131n 9-14 Ekim 2025 tarihleri aras\u0131nda Kocaeli\u2019de d\u00fczenlenecek Uluslararas\u0131 D\u00f6rtl\u00fc Turnuva\u2019da Romanya, \u0130spanya ve Portekiz ile oynayaca\u011f\u0131 ma\u00e7lar i\u00e7in aday kadro a\u00e7\u0131kland\u0131. Aday kadroya Manisa FK formas\u0131 giyen Sarp Saim Bodur ve Yunus Emre Y\u00fcce de davet edildi. Aday kadroya \u00e7a\u011fr\u0131lan futbolcular 5 Ekim Pazar g\u00fcn\u00fc saat 18.00\u2019de toplanacak. Ay-y\u0131ld\u0131zl\u0131 ekip, turnuva haz\u0131rl\u0131klar\u0131n\u0131 Kocaeli\u2019nin Kartepe il\u00e7esinde s\u00fcrd\u00fcrecek. Manisa Futbol Kul\u00fcb\u00fc, milli formayla m\u00fccadele edecek olan gen\u00e7 oyuncular\u0131n\u0131 tebrik ederek A Milli Tak\u0131m yolunda ba\u015far\u0131lar diledi.<br \/><\/p>\n","protected":false},"excerpt":{"rendered":"<p>MAN\u0130SA (\u0130HA) \u2013 Trendyol 1. Lig ekiplerinden Manisa Futbol Kul\u00fcb\u00fc\u2019n\u00fcn gen\u00e7 oyuncular\u0131 Sarp Saim Bodur ve Yunus Emre Y\u00fcce, U18 Milli Tak\u0131m\u0131\u2019n\u0131n Uluslararas\u0131 D\u00f6rtl\u00fc Turnuva aday kadrosuna davet edildi. U18 Milli Tak\u0131m\u0131\u2019n\u0131n 9-14 Ekim 2025 tarihleri aras\u0131nda Kocaeli\u2019de d\u00fczenlenecek Uluslararas\u0131 D\u00f6rtl\u00fc Turnuva\u2019da Romanya, \u0130spanya ve Portekiz ile oynayaca\u011f\u0131 ma\u00e7lar i\u00e7in aday kadro a\u00e7\u0131kland\u0131. Aday kadroya&#8230;<\/p>\n","protected":false},"author":1,"featured_media":58919,"comment_status":"open","ping_status":"open","sticky":false,"template":"","format":"standard","meta":{"_crdt_document":"","footnotes":""},"categories":[4],"tags":[],"class_list":["post-58918","post","type-post","status-publish","format-standard","has-post-thumbnail","hentry","category-spor"],"_links":{"self":[{"href":"https:\/\/www.egemtv.com\/index.php?rest_route=\/wp\/v2\/posts\/58918","targetHints":{"allow":["GET"]}}],"collection":[{"href":"https:\/\/www.egemtv.com\/index.php?rest_route=\/wp\/v2\/posts"}],"about":[{"href":"https:\/\/www.egemtv.com\/index.php?rest_route=\/wp\/v2\/types\/post"}],"author":[{"embeddable":true,"href":"https:\/\/www.egemtv.com\/index.php?rest_route=\/wp\/v2\/users\/1"}],"replies":[{"embeddable":true,"href":"https:\/\/www.egemtv.com\/index.php?rest_route=%2Fwp%2Fv2%2Fcomments&post=58918"}],"version-history":[{"count":1,"href":"https:\/\/www.egemtv.com\/index.php?rest_route=\/wp\/v2\/posts\/58918\/revisions"}],"predecessor-version":[{"id":58920,"href":"https:\/\/www.egemtv.com\/index.php?rest_route=\/wp\/v2\/posts\/58918\/revisions\/58920"}],"wp:featuredmedia":[{"embeddable":true,"href":"https:\/\/www.egemtv.com\/index.php?rest_route=\/wp\/v2\/media\/58919"}],"wp:attachment":[{"href":"https:\/\/www.egemtv.com\/index.php?rest_route=%2Fwp%2Fv2%2Fmedia&parent=58918"}],"wp:term":[{"taxonomy":"category","embeddable":true,"href":"https:\/\/www.egemtv.com\/index.php?rest_route=%2Fwp%2Fv2%2Fcategories&post=58918"},{"taxonomy":"post_tag","embeddable":true,"href":"https:\/\/www.egemtv.com\/index.php?rest_route=%2Fwp%2Fv2%2Ftags&post=58918"}],"curies":[{"name":"wp","href":"https:\/\/api.w.org\/{rel}","templated":true}]}}