{"id":58915,"date":"2025-10-02T19:34:48","date_gmt":"2025-10-02T16:34:48","guid":{"rendered":"https:\/\/www.egemtv.com\/?p=58915"},"modified":"2025-10-02T19:34:50","modified_gmt":"2025-10-02T16:34:50","slug":"sokede-kayip-olarak-aranan-necip-ayincez-olu-bulundu","status":"publish","type":"post","link":"https:\/\/www.egemtv.com\/?p=58915","title":{"rendered":"S\u00f6ke\u2019de kay\u0131p olarak aranan Necip Ay\u0131ncez \u00f6l\u00fc bulundu"},"content":{"rendered":"<p>S\u00f6ke\u2019de 5 g\u00fcnd\u00fcr kay\u0131p olarak aranan 66 ya\u015f\u0131ndaki Necip Ay\u0131ncez, dere yata\u011f\u0131nda \u00f6l\u00fc olarak bulundu.<br \/>\n<br \/>Ayd\u0131n\u2019\u0131n S\u00f6ke il\u00e7esinde 5 g\u00fcnd\u00fcr kay\u0131p olarak aranan 66 ya\u015f\u0131ndaki Necip Ay\u0131ncez\u2019den ac\u0131 haber geldi. G\u00fczeltepe Mahallesi\u2019nde s\u00fcrd\u00fcr\u00fclen arama \u00e7al\u0131\u015fmalar\u0131nda jandarma ekipleri, \u00fc\u00e7 \u00e7ocuk babas\u0131 Ay\u0131ncez\u2019in cans\u0131z bedenini dere yata\u011f\u0131nda buldu.<br \/>\n<br \/>Mahalle sakinlerini yasa bo\u011fan olayda, kayboldu\u011fu g\u00fcnden bu yana b\u00f6lgede geni\u015f \u00e7apl\u0131 arama yap\u0131l\u0131rken, Ay\u0131ncez\u2019in \u00f6l\u00fcm\u00fcyle ilgili inceleme ba\u015flat\u0131ld\u0131.<br \/><\/p>\n","protected":false},"excerpt":{"rendered":"<p>S\u00f6ke\u2019de 5 g\u00fcnd\u00fcr kay\u0131p olarak aranan 66 ya\u015f\u0131ndaki Necip Ay\u0131ncez, dere yata\u011f\u0131nda \u00f6l\u00fc olarak bulundu. Ayd\u0131n\u2019\u0131n S\u00f6ke il\u00e7esinde 5 g\u00fcnd\u00fcr kay\u0131p olarak aranan 66 ya\u015f\u0131ndaki Necip Ay\u0131ncez\u2019den ac\u0131 haber geldi. G\u00fczeltepe Mahallesi\u2019nde s\u00fcrd\u00fcr\u00fclen arama \u00e7al\u0131\u015fmalar\u0131nda jandarma ekipleri, \u00fc\u00e7 \u00e7ocuk babas\u0131 Ay\u0131ncez\u2019in cans\u0131z bedenini dere yata\u011f\u0131nda buldu. Mahalle sakinlerini yasa bo\u011fan olayda, kayboldu\u011fu g\u00fcnden bu yana&#8230;<\/p>\n","protected":false},"author":1,"featured_media":58916,"comment_status":"open","ping_status":"open","sticky":false,"template":"","format":"standard","meta":{"_crdt_document":"","footnotes":""},"categories":[5],"tags":[],"class_list":["post-58915","post","type-post","status-publish","format-standard","has-post-thumbnail","hentry","category-asayis"],"_links":{"self":[{"href":"https:\/\/www.egemtv.com\/index.php?rest_route=\/wp\/v2\/posts\/58915","targetHints":{"allow":["GET"]}}],"collection":[{"href":"https:\/\/www.egemtv.com\/index.php?rest_route=\/wp\/v2\/posts"}],"about":[{"href":"https:\/\/www.egemtv.com\/index.php?rest_route=\/wp\/v2\/types\/post"}],"author":[{"embeddable":true,"href":"https:\/\/www.egemtv.com\/index.php?rest_route=\/wp\/v2\/users\/1"}],"replies":[{"embeddable":true,"href":"https:\/\/www.egemtv.com\/index.php?rest_route=%2Fwp%2Fv2%2Fcomments&post=58915"}],"version-history":[{"count":1,"href":"https:\/\/www.egemtv.com\/index.php?rest_route=\/wp\/v2\/posts\/58915\/revisions"}],"predecessor-version":[{"id":58917,"href":"https:\/\/www.egemtv.com\/index.php?rest_route=\/wp\/v2\/posts\/58915\/revisions\/58917"}],"wp:featuredmedia":[{"embeddable":true,"href":"https:\/\/www.egemtv.com\/index.php?rest_route=\/wp\/v2\/media\/58916"}],"wp:attachment":[{"href":"https:\/\/www.egemtv.com\/index.php?rest_route=%2Fwp%2Fv2%2Fmedia&parent=58915"}],"wp:term":[{"taxonomy":"category","embeddable":true,"href":"https:\/\/www.egemtv.com\/index.php?rest_route=%2Fwp%2Fv2%2Fcategories&post=58915"},{"taxonomy":"post_tag","embeddable":true,"href":"https:\/\/www.egemtv.com\/index.php?rest_route=%2Fwp%2Fv2%2Ftags&post=58915"}],"curies":[{"name":"wp","href":"https:\/\/api.w.org\/{rel}","templated":true}]}}