{"id":58912,"date":"2025-10-02T18:34:40","date_gmt":"2025-10-02T15:34:40","guid":{"rendered":"https:\/\/www.egemtv.com\/?p=58912"},"modified":"2025-10-02T18:34:42","modified_gmt":"2025-10-02T15:34:42","slug":"emette-motosiklet-otomobile-carpti-2-yarali","status":"publish","type":"post","link":"https:\/\/www.egemtv.com\/?p=58912","title":{"rendered":"Emet\u2019te motosiklet otomobile \u00e7arpt\u0131: 2 yaral\u0131"},"content":{"rendered":"<p>K\u00fctahya\u2019n\u0131n Emet il\u00e7esinde motosikletin otomobile \u00e7arpmas\u0131 sonucu meydana gelen kazada 2 ki\u015fi yaraland\u0131.<br \/>\n<br \/>Edinilen bilgiye g\u00f6re, A.\u00d6 y\u00f6netimindeki 16 AL 731 plakal\u0131 otomobile kav\u015fakta yola \u00e7\u0131kt\u0131\u011f\u0131 esnada kar\u015f\u0131 y\u00f6nden gelen O.P y\u00f6netimindeki 64 ACV 910 plakal\u0131 motosiklet \u00e7arpt\u0131. \u0130hbar \u00fczerine olay yerine sa\u011fl\u0131k ve emniyet g\u00fc\u00e7leri sevk edildi. Kazada yaralanan motosiklet s\u00fcr\u00fcc\u00fcs\u00fc O.P ve motosikletteki yolcu A.A. ambulansla Emet Dr. Faz\u0131l Do\u011fan Devlet Hastanesine kald\u0131r\u0131ld\u0131.<br \/>\n<br \/>Kazayla ilgili soru\u015fturma s\u00fcr\u00fcyor.<br \/><\/p>\n","protected":false},"excerpt":{"rendered":"<p>K\u00fctahya\u2019n\u0131n Emet il\u00e7esinde motosikletin otomobile \u00e7arpmas\u0131 sonucu meydana gelen kazada 2 ki\u015fi yaraland\u0131. Edinilen bilgiye g\u00f6re, A.\u00d6 y\u00f6netimindeki 16 AL 731 plakal\u0131 otomobile kav\u015fakta yola \u00e7\u0131kt\u0131\u011f\u0131 esnada kar\u015f\u0131 y\u00f6nden gelen O.P y\u00f6netimindeki 64 ACV 910 plakal\u0131 motosiklet \u00e7arpt\u0131. \u0130hbar \u00fczerine olay yerine sa\u011fl\u0131k ve emniyet g\u00fc\u00e7leri sevk edildi. Kazada yaralanan motosiklet s\u00fcr\u00fcc\u00fcs\u00fc O.P ve motosikletteki&#8230;<\/p>\n","protected":false},"author":1,"featured_media":58913,"comment_status":"open","ping_status":"open","sticky":false,"template":"","format":"standard","meta":{"_crdt_document":"","footnotes":""},"categories":[5],"tags":[],"class_list":["post-58912","post","type-post","status-publish","format-standard","has-post-thumbnail","hentry","category-asayis"],"_links":{"self":[{"href":"https:\/\/www.egemtv.com\/index.php?rest_route=\/wp\/v2\/posts\/58912","targetHints":{"allow":["GET"]}}],"collection":[{"href":"https:\/\/www.egemtv.com\/index.php?rest_route=\/wp\/v2\/posts"}],"about":[{"href":"https:\/\/www.egemtv.com\/index.php?rest_route=\/wp\/v2\/types\/post"}],"author":[{"embeddable":true,"href":"https:\/\/www.egemtv.com\/index.php?rest_route=\/wp\/v2\/users\/1"}],"replies":[{"embeddable":true,"href":"https:\/\/www.egemtv.com\/index.php?rest_route=%2Fwp%2Fv2%2Fcomments&post=58912"}],"version-history":[{"count":1,"href":"https:\/\/www.egemtv.com\/index.php?rest_route=\/wp\/v2\/posts\/58912\/revisions"}],"predecessor-version":[{"id":58914,"href":"https:\/\/www.egemtv.com\/index.php?rest_route=\/wp\/v2\/posts\/58912\/revisions\/58914"}],"wp:featuredmedia":[{"embeddable":true,"href":"https:\/\/www.egemtv.com\/index.php?rest_route=\/wp\/v2\/media\/58913"}],"wp:attachment":[{"href":"https:\/\/www.egemtv.com\/index.php?rest_route=%2Fwp%2Fv2%2Fmedia&parent=58912"}],"wp:term":[{"taxonomy":"category","embeddable":true,"href":"https:\/\/www.egemtv.com\/index.php?rest_route=%2Fwp%2Fv2%2Fcategories&post=58912"},{"taxonomy":"post_tag","embeddable":true,"href":"https:\/\/www.egemtv.com\/index.php?rest_route=%2Fwp%2Fv2%2Ftags&post=58912"}],"curies":[{"name":"wp","href":"https:\/\/api.w.org\/{rel}","templated":true}]}}