{"id":58909,"date":"2025-10-02T18:14:51","date_gmt":"2025-10-02T15:14:51","guid":{"rendered":"https:\/\/www.egemtv.com\/?p=58909"},"modified":"2025-10-02T18:14:53","modified_gmt":"2025-10-02T15:14:53","slug":"sanatci-ruhsar-ozer-53-minyatur-eserini-kutahyada-sergiledi","status":"publish","type":"post","link":"https:\/\/www.egemtv.com\/?p=58909","title":{"rendered":"Sanat\u00e7\u0131 Ruhsar \u00d6zer, 53 minyat\u00fcr eserini K\u00fctahya\u2019da sergiledi"},"content":{"rendered":"<p>K\u00fctahya Dumlup\u0131nar \u00dcniversitesi Ahmet Yakupo\u011flu M\u00fczesi\u2019nde Minyat\u00fcr Sanat\u00e7\u0131s\u0131 Ruhsar \u00d6zer\u2019in eserlerinin yer ald\u0131\u011f\u0131 sergi, sanatseverlerin be\u011fenisine sunuldu.<br \/>\n<br \/>Ahmet Yakupo\u011flu M\u00fczesi\u2019nde, M\u00fczeler Koordinat\u00f6rl\u00fc\u011f\u00fc taraf\u0131ndan haz\u0131rlanan ve Minyat\u00fcr Sanat\u00e7\u0131s\u0131 Ruhsar \u00d6zer\u2019in eserlerinin yer ald\u0131\u011f\u0131 sergi, sanatseverlerin be\u011fenisine sunuldu. Sergide, sanat\u00e7\u0131n\u0131n 53 y\u0131ll\u0131k sanat hayat\u0131n\u0131 yans\u0131tan 53 minyat\u00fcr eseri bulunuyor.<br \/>\n<br \/>\u00d6zer, yapt\u0131\u011f\u0131 a\u00e7\u0131klamada, &#8220;S\u00fcheyl \u00dcnver Bey\u2019in \u00f6\u011frencisiyim. Yedi y\u0131l boyunca birlikte minyat\u00fcr \u00e7al\u0131\u015ft\u0131k. Ayn\u0131 zamanda K\u00fctahyal\u0131 Ahmet Yakupo\u011flu\u2019nun da S\u00fcheyl Bey\u2019in \u00f6\u011frencisi oldu\u011funu biliyorum. Ahmet Yakupo\u011flu\u2019nun K\u00fctahya\u2019daki m\u00fczesinde sergi a\u00e7maktan \u00e7ok mutluluk duydum. Bu bana nasip oldu&#8221; ifadelerini kulland\u0131.<br \/>\n<br \/>Minyat\u00fcr\u00fcn T\u00fcrk resim sanat\u0131 oldu\u011funu vurgulayan \u00d6zer, T\u00fcrklerin tarih boyunca sanata b\u00fcy\u00fck ilgi duydu\u011funu belirterek, &#8220;G\u00f6kt\u00fcrkler, Sakalar, Uygurlar, Hunlar hepsi \u00e7ok g\u00fczel resimler yapm\u0131\u015flard\u0131r. Bunlar kurganlarda, kaz\u0131larda g\u00f6r\u00fclmekte; k\u00fc\u00e7\u00fck heykeller, hal\u0131lar \u00fczerinde ve \u00e7e\u015fitli eserlerde kar\u015f\u0131m\u0131za \u00e7\u0131kmaktad\u0131r. \u0130slamiyet\u2019in kabul\u00fcyle birlikte Karahanl\u0131lar d\u00f6neminden sonra, duvarlara yap\u0131lan resimler yava\u015f yava\u015f k\u00e2\u011f\u0131tlara, yazma kitaplar\u0131n sayfalar\u0131na ge\u00e7mi\u015ftir. Astronomi, felsefe, matematik, t\u0131p gibi bir\u00e7ok konu minyat\u00fcrlerde i\u015flenmi\u015ftir&#8221; diye konu\u015ftu.<br \/><\/p>\n","protected":false},"excerpt":{"rendered":"<p>K\u00fctahya Dumlup\u0131nar \u00dcniversitesi Ahmet Yakupo\u011flu M\u00fczesi\u2019nde Minyat\u00fcr Sanat\u00e7\u0131s\u0131 Ruhsar \u00d6zer\u2019in eserlerinin yer ald\u0131\u011f\u0131 sergi, sanatseverlerin be\u011fenisine sunuldu. Ahmet Yakupo\u011flu M\u00fczesi\u2019nde, M\u00fczeler Koordinat\u00f6rl\u00fc\u011f\u00fc taraf\u0131ndan haz\u0131rlanan ve Minyat\u00fcr Sanat\u00e7\u0131s\u0131 Ruhsar \u00d6zer\u2019in eserlerinin yer ald\u0131\u011f\u0131 sergi, sanatseverlerin be\u011fenisine sunuldu. Sergide, sanat\u00e7\u0131n\u0131n 53 y\u0131ll\u0131k sanat hayat\u0131n\u0131 yans\u0131tan 53 minyat\u00fcr eseri bulunuyor. \u00d6zer, yapt\u0131\u011f\u0131 a\u00e7\u0131klamada, &#8220;S\u00fcheyl \u00dcnver Bey\u2019in \u00f6\u011frencisiyim. Yedi&#8230;<\/p>\n","protected":false},"author":1,"featured_media":58910,"comment_status":"open","ping_status":"open","sticky":false,"template":"","format":"standard","meta":{"_crdt_document":"","footnotes":""},"categories":[1],"tags":[],"class_list":["post-58909","post","type-post","status-publish","format-standard","has-post-thumbnail","hentry","category-guncel"],"_links":{"self":[{"href":"https:\/\/www.egemtv.com\/index.php?rest_route=\/wp\/v2\/posts\/58909","targetHints":{"allow":["GET"]}}],"collection":[{"href":"https:\/\/www.egemtv.com\/index.php?rest_route=\/wp\/v2\/posts"}],"about":[{"href":"https:\/\/www.egemtv.com\/index.php?rest_route=\/wp\/v2\/types\/post"}],"author":[{"embeddable":true,"href":"https:\/\/www.egemtv.com\/index.php?rest_route=\/wp\/v2\/users\/1"}],"replies":[{"embeddable":true,"href":"https:\/\/www.egemtv.com\/index.php?rest_route=%2Fwp%2Fv2%2Fcomments&post=58909"}],"version-history":[{"count":1,"href":"https:\/\/www.egemtv.com\/index.php?rest_route=\/wp\/v2\/posts\/58909\/revisions"}],"predecessor-version":[{"id":58911,"href":"https:\/\/www.egemtv.com\/index.php?rest_route=\/wp\/v2\/posts\/58909\/revisions\/58911"}],"wp:featuredmedia":[{"embeddable":true,"href":"https:\/\/www.egemtv.com\/index.php?rest_route=\/wp\/v2\/media\/58910"}],"wp:attachment":[{"href":"https:\/\/www.egemtv.com\/index.php?rest_route=%2Fwp%2Fv2%2Fmedia&parent=58909"}],"wp:term":[{"taxonomy":"category","embeddable":true,"href":"https:\/\/www.egemtv.com\/index.php?rest_route=%2Fwp%2Fv2%2Fcategories&post=58909"},{"taxonomy":"post_tag","embeddable":true,"href":"https:\/\/www.egemtv.com\/index.php?rest_route=%2Fwp%2Fv2%2Ftags&post=58909"}],"curies":[{"name":"wp","href":"https:\/\/api.w.org\/{rel}","templated":true}]}}